{"id":170,"date":"2013-06-04T10:42:49","date_gmt":"2013-06-04T08:42:49","guid":{"rendered":"https:\/\/www.walkberlin.com\/de\/?p=170"},"modified":"2021-07-25T15:45:10","modified_gmt":"2021-07-25T13:45:10","slug":"50-jahre-kennedy-in-berlin","status":"publish","type":"post","link":"https:\/\/www.walkberlin.com\/de\/50-jahre-kennedy-in-berlin\/","title":{"rendered":"50 Jahre Kennedy in Berlin"},"content":{"rendered":"<p><strong>Fast zwei Jahre nach dem Mauerbau kam US-Pr\u00e4sident John F. Kennedy zu Besuch nach Berlin. Der 26. Juni 1963 ist seitdem in die Geschichte eingegangen, seine Rede \u00fcber die Freiheit vor dem Berliner Rathaus in Sch\u00f6neberg ist ein Klassiker geworden. Sie hat das Verh\u00e4ltnis zwischen den Berlinern und den Amerikanern f\u00fcr ewig gepr\u00e4gt.<\/strong><\/p>\n<a href=\"https:\/\/www.walkberlin.com\/de\/50-jahre-kennedy-in-berlin\/jfk-berlin\/\" rel=\"attachment wp-att-324\"><img src=\"https:\/\/www.walkberlin.com\/de\/wp-content\/uploads\/sites\/2\/2013\/06\/jfk-berlin-640x393.jpg\" alt=\"John F. Kennedy - Rede in Berlin\" class=\"size-medium wp-image-324\" \/><\/a>\n<p>Nach dem <a title=\"Tour 1 \u2013 Berliner Mauer\" href=\"https:\/\/www.walkberlin.com\/de\/stadtfuehrungen-berlin\/berliner-mauer\/\">Bau der Mauer<\/a> im Sommer 1961 um West-Berlin haben die Berliner den westalliierten Streitkr\u00e4ften vorgeworfen, nichts unternommen zu haben. Sie hatten noch in Erinnerung, wie sich die Amerikaner, die Britten und die Franzosen 1948 w\u00e4hrend der Blokade eingesetzt hatten. Nicht ohne Gefahr haben westalliierte Piloten die 2,5 Milionen Berliner elf Monate lang per Luftwege versorgt, da die sowjetischen Streitkr\u00e4fte alle Verbindungswege von und nach den drei West-Sektoren blockiert hatten. Washington wendete sich zwar an die Berliner Bev\u00f6lkerung mit Garantie-Erkl\u00e4rungen, doch hatten sich die Berliner ein konkretes Vorgehen der Besch\u00fctzer gegen\u00fcber des DDR-Regimes und der Sowjetunion gew\u00fcnscht.<\/p>\n<h2>US-Pr\u00e4sident Kennedy zu Besuch in Berlin<\/h2>\n<p>Aufgrund der angespannten Stimmung kam US-Pr\u00e4sident Kennedy etwas besorgt nach Berlin. Am Stichtag allerdings wurde er im West-Berlin bejubbelt. Auf der Stra\u00dfen, wo er mit <a href=\"http:\/\/www.willy-brandt.de\/willy-brandt.html\" target=\"_blank\" rel=\"noopener\">Willy Brandt<\/a> und Bundeskanzler Konrad Adenauer im offenen Auto die Mauer am Brandenburger Tor und am Checkpoint Charlie besichtigte, und vor dem Rathaus Sch\u00f6neberg, wo 450.000 Berliner auf ihn seit Stunden warteten. Der junge charismatische Pr\u00e4sident hielt seine <a href=\"http:\/\/www.thekennedys.de\/english\/museum\/gruss2.html\" target=\"_blank\" rel=\"noopener\">Rede <\/a>\u00fcber die Freiheit und endete sie mit den vier Worten, die die Menge zur h\u00f6chsten Begeisterung brachten. <strong>\u201eIch bin ein Berliner!\u201c<\/strong><\/p>\n<p>\u201eDies ist ein gro\u00dfer Tag in der Geschichte unserer Stadt\u201c, hatte Willy Brandt den Menschen vor dem Rathaus Sch\u00f6neberg gesagt. Mit seinem Besuch hatte Kennedy vor 50 Jahren den Berlinern im geteilten Berlin wieder Mut gegeben und die Unterst\u00fctzung der Westalliierten versichert. Konkret wurde zuerst nichts gegen die Mauer unternommen &#8211; erst Ende 1963\/1964 mit den ersten Passierscheinabkommen.<\/p>\n<p>Berlin erinnert an 50 Jahre John F. Kennedy in Berlin mit einem vielf\u00e4ltigen Programm an Veranstaltungen. <a href=\"http:\/\/www.berlin.de\/kennedy\/\" target=\"_blank\" rel=\"noopener\">Hier<\/a> gibt es eine \u00dcbersicht.<\/p>\n<h2>US-Pr\u00e4sident Barack Obama in Berlin<\/h2>\n<p>50 Jahre nach John F. Kennedy kommt US-Pr\u00e4sident Barack Obama am 18. Juni zu einem Arbeitsbesuch nach Berlin. Geplant ist ein umfangreiches Programm, dessen H\u00f6hepunkt f\u00fcr die Berliner Obamas Rede vor dem Brandenburger Tor am 19. Juni gegen 15 Uhr ist. Mit diesem zweiten Besuch best\u00e4tigt Barack Obama die enge Beziehung zwischen den USA und Deutschland.<\/p>\n<div id=\"social-media\">\n\t\t\t\t\t\t<span class=\"h3\">Empfehlen und teilen<\/span>\n\t\t\t\t\t\t<ul>\n\t\t\t\t\t\t\t<li>\n\t\t\t\t\t\t\t\t<img src=\"https:\/\/www.walkberlin.com\/de\/wp-content\/themes\/stylemag\/images\/social-media\/facebook_icon.png\" id=\"facebook\" class=\"socialbtn\" alt=\"\" \/>\n\t\t\t\t\t\t\t<\/li>\n\t\t\t\t\t\t\t<li>\n\t\t\t\t\t\t\t\t<img src=\"https:\/\/www.walkberlin.com\/de\/wp-content\/themes\/stylemag\/images\/social-media\/twitter_icon.png\" id=\"twitter\" class=\"socialbtn\" alt=\"\" \/>\n\t\t\t\t\t\t\t<\/li>\n\t\t\t\t\t\t\t<li>\n\t\t\t\t\t\t\t\t<img src=\"https:\/\/www.walkberlin.com\/de\/wp-content\/themes\/stylemag\/images\/social-media\/googleplus_icon.png\" id=\"googleplus\" class=\"socialbtn\" alt=\"\" \/>\n\t\t\t\t\t\t\t<\/li>\n\t\t\t\t\t\t\t<li>\n\t\t\t\t\t\t\t\t<img src=\"https:\/\/www.walkberlin.com\/de\/wp-content\/themes\/stylemag\/images\/social-media\/pinterest_icon.png\" id=\"pinterest\" class=\"socialbtn\" alt=\"\" \/>\n\t\t\t\t\t\t\t<\/li>\n\t\t\t\t\t\t\t<li>\n\t\t\t\t\t\t\t\t<img src=\"https:\/\/www.walkberlin.com\/de\/wp-content\/themes\/stylemag\/images\/social-media\/whatsapp_icon.png\" id=\"whatsapp\" class=\"socialbtn\" alt=\"\" \/>\n\t\t\t\t\t\t\t<\/li>\n\t\t\t\t\t\t\t<li>\n\t\t\t\t\t\t\t\t<img src=\"https:\/\/www.walkberlin.com\/de\/wp-content\/themes\/stylemag\/images\/social-media\/email_icon.png\" id=\"email\" class=\"socialbtn\" alt=\"\" \/>\n\t\t\t\t\t\t\t<\/li>\n\t\t\t\t\t\t<\/ul>\n\t\t\t\t\t\t<\/div>\n\t\t\t\t\t\t\t<div class=\"widget-title-border\">\n\t\t\t\t\t\t<div class=\"widget-title-block\"><\/div>\n\t\t\t\t\t<\/div>","protected":false},"excerpt":{"rendered":"<p>Fast zwei Jahre nach dem Mauerbau kam US-Pr\u00e4sident John F. Kennedy zu Besuch nach Berlin. Der 26. Juni 1963 ist seitdem in die Geschichte eingegangen, seine Rede \u00fcber die Freiheit vor dem Berliner Rathaus in Sch\u00f6neberg ist ein Klassiker geworden. Sie hat das Verh\u00e4ltnis zwischen den Berlinern und den Amerikanern f\u00fcr ewig gepr\u00e4gt. Nach dem<\/p>\n","protected":false},"author":2,"featured_media":324,"comment_status":"closed","ping_status":"closed","sticky":false,"template":"","format":"standard","meta":[],"categories":[1,26],"tags":[14,7,8,15,9,17],"_links":{"self":[{"href":"https:\/\/www.walkberlin.com\/de\/wp-json\/wp\/v2\/posts\/170"}],"collection":[{"href":"https:\/\/www.walkberlin.com\/de\/wp-json\/wp\/v2\/posts"}],"about":[{"href":"https:\/\/www.walkberlin.com\/de\/wp-json\/wp\/v2\/types\/post"}],"author":[{"embeddable":true,"href":"https:\/\/www.walkberlin.com\/de\/wp-json\/wp\/v2\/users\/2"}],"replies":[{"embeddable":true,"href":"https:\/\/www.walkberlin.com\/de\/wp-json\/wp\/v2\/comments?post=170"}],"version-history":[{"count":34,"href":"https:\/\/www.walkberlin.com\/de\/wp-json\/wp\/v2\/posts\/170\/revisions"}],"predecessor-version":[{"id":2374,"href":"https:\/\/www.walkberlin.com\/de\/wp-json\/wp\/v2\/posts\/170\/revisions\/2374"}],"wp:featuredmedia":[{"embeddable":true,"href":"https:\/\/www.walkberlin.com\/de\/wp-json\/wp\/v2\/media\/324"}],"wp:attachment":[{"href":"https:\/\/www.walkberlin.com\/de\/wp-json\/wp\/v2\/media?parent=170"}],"wp:term":[{"taxonomy":"category","embeddable":true,"href":"https:\/\/www.walkberlin.com\/de\/wp-json\/wp\/v2\/categories?post=170"},{"taxonomy":"post_tag","embeddable":true,"href":"https:\/\/www.walkberlin.com\/de\/wp-json\/wp\/v2\/tags?post=170"}],"curies":[{"name":"wp","href":"https:\/\/api.w.org\/{rel}","templated":true}]}}