{"id":1902,"date":"2017-01-17T09:15:48","date_gmt":"2017-01-17T07:15:48","guid":{"rendered":"https:\/\/www.walkberlin.com\/de\/?p=1902"},"modified":"2021-07-25T15:26:22","modified_gmt":"2021-07-25T13:26:22","slug":"ferien-brueckentage","status":"publish","type":"post","link":"https:\/\/www.walkberlin.com\/de\/ferien-brueckentage\/","title":{"rendered":"Ferien und Br\u00fcckentage 2017"},"content":{"rendered":"<p>Gute Nachricht: 2017 ist das Jahr der Br\u00fcckentage. Mit einem zus\u00e4tzlichen gesetzlichen Feiertag bundesweit und viele Feiertage, die auf einen Wochentag fallen kann man 2017 viele Feiertage in verl\u00e4ngerten Wochenenden umwandeln.<\/p>\n<h2>M\u00f6gliche Br\u00fcckentage<\/h2>\n<p>Bundesweit erm\u00f6glichen die Klassiker ein paar freie Tage &#8211; allerdings erst ab April. Ostern kommt zuerst. Mit Karfreitag am 14. April und Ostermontag am 17. April genie\u00dfen Sie ein erstes verl\u00e4ngertes Wochenende ohne zus\u00e4tzlicher Urlaub. Wer es noch verl\u00e4ngern m\u00f6chte, braucht 4 Tage Urlaub vor Karfreitag oder nach Ostermontag.<\/p>\n<p>Im Mai geht es dann weiter: Der 1. Mai, Tag der Arbeit, f\u00e4llt dieses Jahr auf einen Montag, Christi Himmelfahrt, wie immer auf einen Donnerstag, den 25. Mai. Zwar zu weit von einander um sie zu kombinieren, aber zwei sch\u00f6ne Pause zwischendurch. Mit dem Pfingstmontag am 5. Juni anschliessend k\u00f6nnen Sie mit nur sechs Urlaubstagen insgesamt zw\u00f6lf Tage Urlaub bekommen. G\u00fcngstig f\u00e4llt dieses Jahr auch der 3. Oktober Tag der deutschen Einheit auf einen Dienstag. Das Beste zum Schluss: beide Weihnachtsfeiertage am 25. und 26. Dezember fallen auf einen Montag und einen Dienstag.<\/p>\n<h2>Reformationstag f\u00fcr alle<\/h2>\n<p>Highlight 2017: ein neuer Feiertag f\u00fcr alle. Da dieses Jahr das 500-j\u00e4hrige Jubil\u00e4um von Martin Luthers Thesenanschlag gefeiert wird, ist der Reformationstag am 31. Oktober 2017 nicht nur in Brandenburg, Mecklenburg-Vorpommern, Sachsen, Sachsen-Anhalt und Th\u00fcringen frei sondern bundesweit. Die Ausnahmeregelung gilt allerdings nur dieses Jahr. <\/p>\n<div class=\"widget-title-border\"><div class=\"widget-title-block\"><\/div><\/div><br \/>\n<h2>Ferien 2017 nach Bundesl\u00e4ndern<\/h2>\n<table>\n<tr>\n<th>&nbsp;<\/th>\n<th colspan=\"4\">Schuljahr 2016\/2017 <\/th>\n<th colspan=\"4\">Schuljahr 2017\/2018 <\/th>\n<\/tr>\n<tr>\n<th>&nbsp;<\/th>\n<th>Winter<\/th>\n<th>Ostern<\/th>\n<th>Pfingsten<\/th>\n<th>Sommer<\/th>\n<th>Herbst<\/th>\n<th>Weihnachten<\/th>\n<\/tr>\n<tr>\n<td>Baden-W\u00fcrttemberg<\/td>\n<td>&nbsp;<\/td>\n<td>10.04. &#8211; 21.04.<\/td>\n<td>06.06. &#8211; 16.06.<\/td>\n<td>27.07. &#8211; 09.09.<\/td>\n<td>30.10. &#8211; 03.11.<\/td>\n<td>22.12. &#8211; 05.01.<\/td>\n<\/tr>\n<tr>\n<td>Bayern<\/td>\n<td>27.02. &#8211; 03.03.<\/td>\n<td>10.04. &#8211; 22.04.<\/td>\n<td>06.06. &#8211; 16.06.<\/td>\n<td>29.07. &#8211; 11.09.<\/td>\n<td>30.10. &#8211; 03.11.<\/td>\n<td>23.12. &#8211; 05.01.<\/td>\n<\/tr>\n<tr>\n<td>Berlin<\/td>\n<td>30.01. &#8211; 04.02.<\/td>\n<td>10.04. &#8211; 18.04.<\/td>\n<td>06.06. &#8211; 09.06.<\/td>\n<td>20.07. &#8211; 01.09.<\/td>\n<td>23.10. &#8211; 04.11.<\/td>\n<td>21.12. &#8211; 02.01.<\/td>\n<\/tr>\n<tr>\n<td>Brandenburg<\/td>\n<td>30.01. &#8211; 04.02.<\/td>\n<td>10.04. &#8211; 22.04.<\/td>\n<td>26.05.<\/td>\n<td>20.07. &#8211; 01.09.<\/td>\n<td>23.10. &#8211; 04.11.<\/td>\n<td>21.12. &#8211; 02.01.<\/td>\n<\/tr>\n<tr>\n<td>Bremen<\/td>\n<td>30.01. &#8211; 31.01.<\/td>\n<td>10.04. &#8211; 22.04.<\/td>\n<td>26.05. \/ 06.06.<\/td>\n<td>22.06. &#8211; 02.08.<\/td>\n<td>02.10. &#8211; 14.10.<\/td>\n<td>22.12. &#8211; 06.01.<\/td>\n<\/tr>\n<tr>\n<td>Hamburg<\/td>\n<td>30.01.<\/td>\n<td>06.03. &#8211; 17.03.<\/td>\n<td>22.05. &#8211; 26.05.<\/td>\n<td>20.07. &#8211; 30.08.<\/td>\n<td>16.10. &#8211; 27.10.<\/td>\n<td>22.12. &#8211; 05.01.<\/td>\n<\/tr>\n<tr>\n<td>Hessen<\/td>\n<td>&nbsp;<\/td>\n<td>03.04. &#8211; 15.04.<\/td>\n<td>&nbsp;<\/td>\n<td>03.07. &#8211; 11.08.<\/td>\n<td>09.10. &#8211; 21.10.<\/td>\n<td>24.12. &#8211; 13.01.<\/td>\n<\/tr>\n<tr>\n<td>Mecklenburg-Vorpommern<\/td>\n<td>06.02. &#8211; 18.02.<\/td>\n<td>10.04. &#8211; 19.04.<\/td>\n<td>02.06. &#8211; 06.06.<\/td>\n<td>24.07. &#8211; 02.09.<\/td>\n<td>23.10. &#8211; 30.10.<\/td>\n<td>21.12. &#8211; 03.01.<\/td>\n<\/tr>\n<tr>\n<td>Niedersachsen<\/td>\n<td>30.01. &#8211; 31.01.<\/td>\n<td>10.04. &#8211; 22.04.<\/td>\n<td>26.05. \/ 06.06.<\/td>\n<td>22.06. &#8211; 02.08.<\/td>\n<td>02.10. &#8211; 13.10.<\/td>\n<td>22.12. &#8211; 05.01.<\/td>\n<\/tr>\n<tr>\n<td>Nordrhein-Westfalen<\/td>\n<td>&nbsp;<\/td>\n<td>10.04. &#8211; 22.04.<\/td>\n<td>06.06.<\/td>\n<td>17.07. &#8211; 29.08.<\/td>\n<td>23.10. &#8211; 04.11.<\/td>\n<td>27.12. &#8211; 06.01.<\/td>\n<\/tr>\n<tr>\n<td>Rheinland-Pfalz<\/td>\n<td>&nbsp;<\/td>\n<td>10.04. &#8211; 21.04.<\/td>\n<td>&nbsp;<\/td>\n<td>03.07. &#8211; 11.08.<\/td>\n<td>02.10. &#8211; 13.10.<\/td>\n<td>22.12. &#8211; 09.01.<\/td>\n<\/tr>\n<tr>\n<td>Saarland<\/td>\n<td>27.02. &#8211; 04.03.<\/td>\n<td>10.04. &#8211; 22.04.<\/td>\n<td>&nbsp;<\/td>\n<td>03.07. &#8211; 14.08.<\/td>\n<td>02.10. &#8211; 14.10.<\/td>\n<td>21.12. &#8211; 05.01.<\/td>\n<\/tr>\n<tr>\n<td>Sachsen<\/td>\n<td>13.02. &#8211; 24.02.<\/td>\n<td>13.04. &#8211; 22.04.<\/td>\n<td>26.05.<\/td>\n<td>26.06. &#8211; 04.08.<\/td>\n<td>02.10. &#8211; 14.10.<\/td>\n<td>23.12. &#8211; 02.01.<\/td>\n<\/tr>\n<tr>\n<td>Sachsen-Anhalt<\/td>\n<td>04.02. &#8211; 11.02.<\/td>\n<td>10.04. &#8211; 13.04.<\/td>\n<td>26.05.<\/td>\n<td>26.06. &#8211; 09.08.<\/td>\n<td>02.10. &#8211; 13.10.<\/td>\n<td>21.12. &#8211; 03.01.<\/td>\n<\/tr>\n<tr>\n<td>Schleswig-Holstein<\/td>\n<td>&nbsp;<\/td>\n<td>07.04. &#8211; 21.04.<\/td>\n<td>26.05.<\/td>\n<td>24.07. &#8211; 02.09.<\/td>\n<td>16.10. &#8211; 27.10.<\/td>\n<td>21.12. &#8211; 06.01.<\/td>\n<\/tr>\n<tr>\n<td>Th\u00fcringen<\/td>\n<td>06.02. &#8211; 11.02.<\/td>\n<td>10.04. &#8211; 21.04.<\/td>\n<td>26.05.<\/td>\n<td>26.06. &#8211; 09.08.<\/td>\n<td>02.10. &#8211; 14.10.<\/td>\n<td>22.12. &#8211; 05.01.<\/td>\n<\/tr>\n<\/table>\n<p><strong>F\u00fchrung durch Berlin<\/strong><br \/>\nBei so vielen Br\u00fcckentagen darf der St\u00e4dtetrip nach Berlin nat\u00fcrlich nicht fehlen. Und was w\u00e4re ein Berlinbesuch ohne unsere <a href=\"\/\/www.walkberlin.com\/de\/\" title=\"Stadtf\u00fchrung in Berlin\">Stadtf\u00fchrung<\/a>? \ud83d\ude09<\/p>\n<p>Bildquelle: \u00a9 RRF \u2013 Fotolia.com<\/p>\n<div id=\"social-media\">\n\t\t\t\t\t\t<span class=\"h3\">Empfehlen und teilen<\/span>\n\t\t\t\t\t\t<ul>\n\t\t\t\t\t\t\t<li>\n\t\t\t\t\t\t\t\t<img src=\"https:\/\/www.walkberlin.com\/de\/wp-content\/themes\/stylemag\/images\/social-media\/facebook_icon.png\" id=\"facebook\" class=\"socialbtn\" alt=\"\" \/>\n\t\t\t\t\t\t\t<\/li>\n\t\t\t\t\t\t\t<li>\n\t\t\t\t\t\t\t\t<img src=\"https:\/\/www.walkberlin.com\/de\/wp-content\/themes\/stylemag\/images\/social-media\/twitter_icon.png\" id=\"twitter\" class=\"socialbtn\" alt=\"\" \/>\n\t\t\t\t\t\t\t<\/li>\n\t\t\t\t\t\t\t<li>\n\t\t\t\t\t\t\t\t<img src=\"https:\/\/www.walkberlin.com\/de\/wp-content\/themes\/stylemag\/images\/social-media\/googleplus_icon.png\" id=\"googleplus\" class=\"socialbtn\" alt=\"\" \/>\n\t\t\t\t\t\t\t<\/li>\n\t\t\t\t\t\t\t<li>\n\t\t\t\t\t\t\t\t<img src=\"https:\/\/www.walkberlin.com\/de\/wp-content\/themes\/stylemag\/images\/social-media\/pinterest_icon.png\" id=\"pinterest\" class=\"socialbtn\" alt=\"\" \/>\n\t\t\t\t\t\t\t<\/li>\n\t\t\t\t\t\t\t<li>\n\t\t\t\t\t\t\t\t<img src=\"https:\/\/www.walkberlin.com\/de\/wp-content\/themes\/stylemag\/images\/social-media\/whatsapp_icon.png\" id=\"whatsapp\" class=\"socialbtn\" alt=\"\" \/>\n\t\t\t\t\t\t\t<\/li>\n\t\t\t\t\t\t\t<li>\n\t\t\t\t\t\t\t\t<img src=\"https:\/\/www.walkberlin.com\/de\/wp-content\/themes\/stylemag\/images\/social-media\/email_icon.png\" id=\"email\" class=\"socialbtn\" alt=\"\" \/>\n\t\t\t\t\t\t\t<\/li>\n\t\t\t\t\t\t<\/ul>\n\t\t\t\t\t\t<\/div>\n\t\t\t\t\t\t\t<div class=\"widget-title-border\">\n\t\t\t\t\t\t<div class=\"widget-title-block\"><\/div>\n\t\t\t\t\t<\/div>","protected":false},"excerpt":{"rendered":"<p>Gute Nachricht: 2017 ist das Jahr der Br\u00fcckentage. Mit einem zus\u00e4tzlichen gesetzlichen Feiertag bundesweit und viele Feiertage, die auf einen Wochentag fallen kann man 2017 viele Feiertage in verl\u00e4ngerten Wochenenden umwandeln. M\u00f6gliche Br\u00fcckentage Bundesweit erm\u00f6glichen die Klassiker ein paar freie Tage &#8211; allerdings erst ab April. Ostern kommt zuerst. Mit Karfreitag am 14. April und<\/p>\n","protected":false},"author":2,"featured_media":1922,"comment_status":"closed","ping_status":"closed","sticky":false,"template":"","format":"standard","meta":[],"categories":[1],"tags":[42,41],"_links":{"self":[{"href":"https:\/\/www.walkberlin.com\/de\/wp-json\/wp\/v2\/posts\/1902"}],"collection":[{"href":"https:\/\/www.walkberlin.com\/de\/wp-json\/wp\/v2\/posts"}],"about":[{"href":"https:\/\/www.walkberlin.com\/de\/wp-json\/wp\/v2\/types\/post"}],"author":[{"embeddable":true,"href":"https:\/\/www.walkberlin.com\/de\/wp-json\/wp\/v2\/users\/2"}],"replies":[{"embeddable":true,"href":"https:\/\/www.walkberlin.com\/de\/wp-json\/wp\/v2\/comments?post=1902"}],"version-history":[{"count":16,"href":"https:\/\/www.walkberlin.com\/de\/wp-json\/wp\/v2\/posts\/1902\/revisions"}],"predecessor-version":[{"id":2098,"href":"https:\/\/www.walkberlin.com\/de\/wp-json\/wp\/v2\/posts\/1902\/revisions\/2098"}],"wp:featuredmedia":[{"embeddable":true,"href":"https:\/\/www.walkberlin.com\/de\/wp-json\/wp\/v2\/media\/1922"}],"wp:attachment":[{"href":"https:\/\/www.walkberlin.com\/de\/wp-json\/wp\/v2\/media?parent=1902"}],"wp:term":[{"taxonomy":"category","embeddable":true,"href":"https:\/\/www.walkberlin.com\/de\/wp-json\/wp\/v2\/categories?post=1902"},{"taxonomy":"post_tag","embeddable":true,"href":"https:\/\/www.walkberlin.com\/de\/wp-json\/wp\/v2\/tags?post=1902"}],"curies":[{"name":"wp","href":"https:\/\/api.w.org\/{rel}","templated":true}]}}