{"id":2096,"date":"2015-01-12T22:58:03","date_gmt":"2015-01-12T20:58:03","guid":{"rendered":"https:\/\/www.walkberlin.com\/de\/?p=2096"},"modified":"2021-07-25T15:27:28","modified_gmt":"2021-07-25T13:27:28","slug":"ferien-und-brueckentage-2015","status":"publish","type":"post","link":"https:\/\/www.walkberlin.com\/de\/ferien-und-brueckentage-2015\/","title":{"rendered":"Ferien und Br\u00fcckentage 2015 &#8211; so planen Sie Ihren Urlaub richtig"},"content":{"rendered":"<p><strong>2015 ist nicht sehr arbeitnehmerfreundlich. Zwei Feiertage fallen schon mal f\u00fcr alle aus. Der Tag der Deutschen Einheit (3. Oktober) und der zweite Weihnachtsfeiertag<\/strong> (26. Dezember) fallen dieses Jahr auf einen Samstag. Je nach Bundesland k\u00f6nnen bis zu 5 Tagen aus dem Grund gestrichen werden. Egal ob Fr\u00fchbucher oder spontane Reisende &#8211; so k\u00f6nnen Sie das Beste rausholen.<\/strong><\/p>\n<p><img loading=\"lazy\" width=\"849\" height=\"566\" src=\"https:\/\/www.walkberlin.com\/de\/wp-content\/uploads\/sites\/2\/2015\/01\/kalender-brueckentage-urlaub.jpg\" alt=\"Kalender Br\u00fcckentage Urlaub\" class=\"aligncenter size-full wp-image-1922\" srcset=\"https:\/\/www.walkberlin.com\/de\/wp-content\/uploads\/sites\/2\/2015\/01\/kalender-brueckentage-urlaub.jpg 849w, https:\/\/www.walkberlin.com\/de\/wp-content\/uploads\/sites\/2\/2015\/01\/kalender-brueckentage-urlaub-300x200.jpg 300w, https:\/\/www.walkberlin.com\/de\/wp-content\/uploads\/sites\/2\/2015\/01\/kalender-brueckentage-urlaub-100x66.jpg 100w, https:\/\/www.walkberlin.com\/de\/wp-content\/uploads\/sites\/2\/2015\/01\/kalender-brueckentage-urlaub-330x220.jpg 330w, https:\/\/www.walkberlin.com\/de\/wp-content\/uploads\/sites\/2\/2015\/01\/kalender-brueckentage-urlaub-200x133.jpg 200w\" sizes=\"(max-width: 849px) 100vw, 849px\" \/><\/p>\n<h2>Auf diese Br\u00fcckentage ist Verlass<\/h2>\n<p>Kulturbedingt f\u00e4llt <strong>Ostern<\/strong> auf ein Wochenende &#8211; nur dieses Jahr ziemlich fr\u00fch. Schon drei Monate nach dem 1. Januar k\u00f6nnen Sie am ersten Aprilwochenende l\u00e4nger ruhen als sonst. Karfreitag ist am 03. April, Ostern am 05. und Ostermontag am 06. April.<\/p>\n<p>Der &#8220;Br\u00fcckenbauer&#8221;-freundlichste Monat Mai entt\u00e4uscht 2015 nicht. Der <strong>1. Mai<\/strong> f\u00e4llt dieses Jahr auf einen Freitag und l\u00e4\u00dft einen kleinen St\u00e4dtetrip durchaus planen. Ab <strong>Christi Himmelfahrt<\/strong> w\u00e4re es auch m\u00f6glich, da der Feiertag wie gewohnt auf einen Donnerstag Mitte Mai, den 14. Mai f\u00e4llt. Ob man bis <strong>Pfingsten<\/strong> hinzieht? Dies k\u00f6nnte man \u00fcberlegen. Pfingsten schlie\u00dft eine Woche sp\u00e4ter den &#8220;Br\u00fcckentagemonat&#8221; Mai mit Sonntag, dem 24. und Pfingstmontag, dem 25. Mai ab.<\/p>\n<p>Die n\u00e4chsten und letzten Br\u00fcckentage sind leider erst im Dezember. Der <strong>zweite Weihnachtsfeiertag<\/strong> f\u00e4llt auf einen Samstag &#8211; das haben wir schon erw\u00e4hnt. Der <strong>25. Dezember<\/strong> auf einen Freitag, immerhin!<\/p>\n<h2>Was regional auch interessant ist<\/h2>\n<p>Regional sieht es ein Tick besser aus. In Bayern, Baden-W\u00fcrttemberg, Hessen, Nordrhein-Westfalen, Rheinland-Pfalz und Schleswig-Holstein profitieren von <strong>Fronleichnam am 4. Juni<\/strong>. Der Feiertag f\u00e4llt 2015 auf einen Donnerstag. Arbeitnehmer dieser L\u00e4nder k\u00f6nnen also \u00fcberlegen, ob sie nach Pfingstmontag und bis 3. Juni bzw. bis 5. Juni Urlaub beantragen. Mit sieben bzw. acht Urlaubstagen bekommen sie insgesamt 13 bzw. 16 freie Tage. <\/p>\n<p>Anders sieht es mit den religi\u00f6sen Feiertagen im August und im Herbst aus. In Bayern k\u00f6nnen die Einwohner dieses Jahr weder vom <strong>Augsburger Friedensfest am 8. August<\/strong> (das nur im Augsburg frei ist) noch vom <strong>Mari\u00e4 Himmelfaht am 15. August<\/strong> profitieren. Beide fallen dieses Jahr auf einen Samstag. Der protestantische <strong>Reformationstag am 31. Oktober<\/strong>, der haupts\u00e4chlich in Ostdeutschland gefeiert wird, und <strong>Allerheiligen am 1. November<\/strong>, das im katholiken S\u00fcddeutschland frei ist, sind auch keine Werktage dieses Jahr.<\/p>\n<p>In Sachsen k\u00f6nnen sich Arbeitnehmer noch eine letzte Urlaubsbr\u00fccke vor Weihnachten g\u00f6nnen. <strong>Bu\u00df- und Bettag am 18. November<\/strong> f\u00e4llt dieses Jahr wie sonst am dritten Mittwoch im November.<\/p>\n<div class=\"widget-title-border\"><div class=\"widget-title-block\"><\/div><\/div><br \/>\n<h2>Ferien 2015 nach Bundesl\u00e4nder<\/h2>\n<table>\n<tr>\n<th>&nbsp;<\/th>\n<th colspan=\"4\">Schuljahr 2014\/2015 <\/th>\n<th colspan=\"4\">Schuljahr 2015\/2016 <\/th>\n<\/tr>\n<tr>\n<th>&nbsp;<\/th>\n<th>Winter<\/th>\n<th>Ostern<\/th>\n<th>Pfingsten<\/th>\n<th>Sommer<\/th>\n<th>Herbst<\/th>\n<th>Weihnachten<\/th>\n<\/tr>\n<tr>\n<td>Baden-W\u00fcrttemberg<\/td>\n<td>&nbsp;<\/td>\n<td>30.03. &#8211; 10.04.<\/td>\n<td>26.05. &#8211; 06.06.<\/td>\n<td>30.07. &#8211; 12.09.<\/td>\n<td>02.11. &#8211; 06.11.<\/td>\n<td>23.12. &#8211; 09.01.<\/td>\n<\/tr>\n<tr>\n<td>Bayern<\/td>\n<td>16.02. &#8211; 20.02.<\/td>\n<td>30.03. &#8211; 11.04.<\/td>\n<td>26.05. &#8211; 05.06.<\/td>\n<td>01.08. &#8211; 14.09.<\/td>\n<td>02.11. &#8211; 07.11.<\/td>\n<td>24.12. &#8211; 05.01.<\/td>\n<\/tr>\n<tr>\n<td>Berlin<\/td>\n<td>02.02. &#8211; 07.02.<\/td>\n<td>30.03. &#8211; 11.04.<\/td>\n<td>15.05. \/ 26.05.<\/td>\n<td>16.07. &#8211; 28.08.<\/td>\n<td>19.10. &#8211; 31.10.<\/td>\n<td>23.12. &#8211; 02.01.<\/td>\n<\/tr>\n<tr>\n<td>Brandenburg<\/td>\n<td>02.02. &#8211; 07.02.<\/td>\n<td>01.04. &#8211; 11.04. <\/td>\n<td>15.05.<\/td>\n<td>16.07. &#8211; 28.08.<\/td>\n<td>19.10. &#8211; 30.10.<\/td>\n<td>23.12. &#8211; 02.01.<\/td>\n<\/tr>\n<tr>\n<td>Bremen<\/td>\n<td>02.02. &#8211; 03.02.<\/td>\n<td>25.03. &#8211; 10.04.<\/td>\n<td>15.05. \/ 26.05.<\/td>\n<td>23.07. &#8211; 02.09.<\/td>\n<td>19.10. &#8211; 31.10.<\/td>\n<td>23.12. &#8211; 06.01.<\/td>\n<\/tr>\n<tr>\n<td>Hamburg<\/td>\n<td>30.01.<\/td>\n<td>02.03. &#8211; 13.03.<\/td>\n<td>11.05. &#8211; 15.05.<\/td>\n<td>16.07. &#8211; 26.08.<\/td>\n<td>19.10. &#8211; 30.10.<\/td>\n<td>21.12. &#8211; 01.01.<\/td>\n<\/tr>\n<tr>\n<td>Hessen<\/td>\n<td>&nbsp;<\/td>\n<td>30.03. &#8211; 11.04.<\/td>\n<td>&nbsp;<\/td>\n<td>27.07. &#8211; 04.09.<\/td>\n<td>19.10. &#8211; 31.10.<\/td>\n<td>23.12. &#8211; 09.01.<\/td>\n<\/tr>\n<tr>\n<td>Mecklenburg-Vorpommern<\/td>\n<td>02.02. &#8211; 14.02.<\/td>\n<td>30.03. &#8211; 08.04.<\/td>\n<td>22.05. &#8211; 26.05.<\/td>\n<td>20.07. &#8211; 29.08.<\/td>\n<td>24.10. &#8211; 30.10.<\/td>\n<td>21.12. &#8211; 02.01.<\/td>\n<\/tr>\n<tr>\n<td>Niedersachsen<\/td>\n<td>02.02. &#8211; 03.02.<\/td>\n<td>25.03. &#8211; 10.04.<\/td>\n<td>15.05. \/ 26.05.<\/td>\n<td>23.07. &#8211; 02.09.<\/td>\n<td>19.10. &#8211; 31.10.<\/td>\n<td>23.12. &#8211; 06.01.<\/td>\n<\/tr>\n<tr>\n<td>Nordrhein-Westfalen<\/td>\n<td><\/td>\n<td>30.03. &#8211; 11.04.<\/td>\n<td>26.05.<\/td>\n<td>29.06. &#8211; 11.08.<\/td>\n<td>05.10. &#8211; 17.10.<\/td>\n<td>23.12. &#8211; 06.01.<\/td>\n<\/tr>\n<tr>\n<td>Rheinland-Pfalz<\/td>\n<td>&nbsp;<\/td>\n<td>26.03. &#8211; 10.04.<\/td>\n<td>&nbsp;<\/td>\n<td>27.07. &#8211; 04.09.<\/td>\n<td>19.10. &#8211; 30.10.<\/td>\n<td>23.12. &#8211; 08.01.<\/td>\n<\/tr>\n<tr>\n<td>Saarland<\/td>\n<td>16.02. &#8211; 21.02.<\/td>\n<td>30.03. &#8211; 11.04.<\/td>\n<td>&nbsp;<\/td>\n<td>27.07. &#8211; 05.09.<\/td>\n<td>19.10. &#8211; 31.10.<\/td>\n<td>21.12. &#8211; 02.01.<\/td>\n<\/tr>\n<tr>\n<td>Sachsen<\/td>\n<td>09.02. &#8211; 21.02.<\/td>\n<td>02.04. &#8211; 11.04.<\/td>\n<td>15.05.<\/td>\n<td>13.07. &#8211; 21.08.<\/td>\n<td>12.10. &#8211; 24.10.<\/td>\n<td>21.12. &#8211; 02.01.<\/td>\n<\/tr>\n<tr>\n<td>Sachsen-Anhalt<\/td>\n<td>02.02. &#8211; 14.02.<\/td>\n<td>02.04.<\/td>\n<td>15.05. &#8211; 23.05.<\/td>\n<td>13.07. &#8211; 26.08.<\/td>\n<td>17.10. &#8211; 24.10.<\/td>\n<td>21.12. &#8211; 05.01.<\/td>\n<\/tr>\n<tr>\n<td>Schleswig-Holstein<\/td>\n<td>&nbsp;<\/td>\n<td>01.04. &#8211; 17.04.<\/td>\n<td>15.05.<\/td>\n<td>20.07. &#8211; 29.08.<\/td>\n<td>19.10. &#8211; 31.10.<\/td>\n<td>21.12. &#8211; 06.01.<\/td>\n<\/tr>\n<tr>\n<td>Th\u00fcringen<\/td>\n<td>02.02. &#8211; 07.02.<\/td>\n<td>30.03. &#8211; 11.04.<\/td>\n<td>15.05.<\/td>\n<td>13.07. &#8211; 21.08.<\/td>\n<td>05.10. &#8211; 17.10.<\/td>\n<td>23.12. &#8211; 02.01.<\/td>\n<\/tr>\n<\/table>\n<p>Bildquelle: \u00a9 RRF \u2013 Fotolia.com<\/p>\n<div id=\"social-media\">\n\t\t\t\t\t\t<span class=\"h3\">Empfehlen und teilen<\/span>\n\t\t\t\t\t\t<ul>\n\t\t\t\t\t\t\t<li>\n\t\t\t\t\t\t\t\t<img src=\"https:\/\/www.walkberlin.com\/de\/wp-content\/themes\/stylemag\/images\/social-media\/facebook_icon.png\" id=\"facebook\" class=\"socialbtn\" alt=\"\" \/>\n\t\t\t\t\t\t\t<\/li>\n\t\t\t\t\t\t\t<li>\n\t\t\t\t\t\t\t\t<img src=\"https:\/\/www.walkberlin.com\/de\/wp-content\/themes\/stylemag\/images\/social-media\/twitter_icon.png\" id=\"twitter\" class=\"socialbtn\" alt=\"\" \/>\n\t\t\t\t\t\t\t<\/li>\n\t\t\t\t\t\t\t<li>\n\t\t\t\t\t\t\t\t<img src=\"https:\/\/www.walkberlin.com\/de\/wp-content\/themes\/stylemag\/images\/social-media\/googleplus_icon.png\" id=\"googleplus\" class=\"socialbtn\" alt=\"\" \/>\n\t\t\t\t\t\t\t<\/li>\n\t\t\t\t\t\t\t<li>\n\t\t\t\t\t\t\t\t<img src=\"https:\/\/www.walkberlin.com\/de\/wp-content\/themes\/stylemag\/images\/social-media\/pinterest_icon.png\" id=\"pinterest\" class=\"socialbtn\" alt=\"\" \/>\n\t\t\t\t\t\t\t<\/li>\n\t\t\t\t\t\t\t<li>\n\t\t\t\t\t\t\t\t<img src=\"https:\/\/www.walkberlin.com\/de\/wp-content\/themes\/stylemag\/images\/social-media\/whatsapp_icon.png\" id=\"whatsapp\" class=\"socialbtn\" alt=\"\" \/>\n\t\t\t\t\t\t\t<\/li>\n\t\t\t\t\t\t\t<li>\n\t\t\t\t\t\t\t\t<img src=\"https:\/\/www.walkberlin.com\/de\/wp-content\/themes\/stylemag\/images\/social-media\/email_icon.png\" id=\"email\" class=\"socialbtn\" alt=\"\" \/>\n\t\t\t\t\t\t\t<\/li>\n\t\t\t\t\t\t<\/ul>\n\t\t\t\t\t\t<\/div>\n\t\t\t\t\t\t\t<div class=\"widget-title-border\">\n\t\t\t\t\t\t<div class=\"widget-title-block\"><\/div>\n\t\t\t\t\t<\/div>","protected":false},"excerpt":{"rendered":"<p>2015 ist nicht sehr arbeitnehmerfreundlich. Zwei Feiertage fallen schon mal f\u00fcr alle aus. Der Tag der Deutschen Einheit (3. Oktober) und der zweite Weihnachtsfeiertag (26. Dezember) fallen dieses Jahr auf einen Samstag. Je nach Bundesland k\u00f6nnen bis zu 5 Tagen aus dem Grund gestrichen werden. Egal ob Fr\u00fchbucher oder spontane Reisende &#8211; so k\u00f6nnen Sie<\/p>\n","protected":false},"author":1,"featured_media":1922,"comment_status":"closed","ping_status":"closed","sticky":false,"template":"","format":"standard","meta":[],"categories":[1],"tags":[42,41],"_links":{"self":[{"href":"https:\/\/www.walkberlin.com\/de\/wp-json\/wp\/v2\/posts\/2096"}],"collection":[{"href":"https:\/\/www.walkberlin.com\/de\/wp-json\/wp\/v2\/posts"}],"about":[{"href":"https:\/\/www.walkberlin.com\/de\/wp-json\/wp\/v2\/types\/post"}],"author":[{"embeddable":true,"href":"https:\/\/www.walkberlin.com\/de\/wp-json\/wp\/v2\/users\/1"}],"replies":[{"embeddable":true,"href":"https:\/\/www.walkberlin.com\/de\/wp-json\/wp\/v2\/comments?post=2096"}],"version-history":[{"count":1,"href":"https:\/\/www.walkberlin.com\/de\/wp-json\/wp\/v2\/posts\/2096\/revisions"}],"predecessor-version":[{"id":2097,"href":"https:\/\/www.walkberlin.com\/de\/wp-json\/wp\/v2\/posts\/2096\/revisions\/2097"}],"wp:featuredmedia":[{"embeddable":true,"href":"https:\/\/www.walkberlin.com\/de\/wp-json\/wp\/v2\/media\/1922"}],"wp:attachment":[{"href":"https:\/\/www.walkberlin.com\/de\/wp-json\/wp\/v2\/media?parent=2096"}],"wp:term":[{"taxonomy":"category","embeddable":true,"href":"https:\/\/www.walkberlin.com\/de\/wp-json\/wp\/v2\/categories?post=2096"},{"taxonomy":"post_tag","embeddable":true,"href":"https:\/\/www.walkberlin.com\/de\/wp-json\/wp\/v2\/tags?post=2096"}],"curies":[{"name":"wp","href":"https:\/\/api.w.org\/{rel}","templated":true}]}}