{"id":2173,"date":"2017-01-20T10:45:46","date_gmt":"2017-01-20T08:45:46","guid":{"rendered":"https:\/\/www.walkberlin.com\/de\/?p=2173"},"modified":"2021-07-25T15:26:06","modified_gmt":"2021-07-25T13:26:06","slug":"jahreshighlights-2017-in-berlin","status":"publish","type":"post","link":"https:\/\/www.walkberlin.com\/de\/jahreshighlights-2017-in-berlin\/","title":{"rendered":"Jahreshighlights 2017 in Berlin"},"content":{"rendered":"<p><strong>In Berlin ist immer was los und f\u00fcr jeden Geschmack. Auch 2017 finden Ausstellungen, Sportveranstaltungen und Events das ganze Jahr statt. Um Ihren Berlin Aufenthalt am besten zu planen, finden Sie hier einen kleinen Vorgeschmack auf das, was Sie 2017 erwartet:<\/strong><\/p>\n<p><img loading=\"lazy\" width=\"1792\" height=\"1192\" src=\"https:\/\/www.walkberlin.com\/de\/wp-content\/uploads\/sites\/2\/2017\/01\/Karnaval-visitberlin.jpg\" alt=\"Karneval der Kulturen | Carnival of Cultures \u00a9 visitBerlin, Foto: Philip Koschel (CC BY-NC-ND 2.0)\" class=\"alignnone size-full wp-image-2199\" srcset=\"https:\/\/www.walkberlin.com\/de\/wp-content\/uploads\/sites\/2\/2017\/01\/Karnaval-visitberlin.jpg 1792w, https:\/\/www.walkberlin.com\/de\/wp-content\/uploads\/sites\/2\/2017\/01\/Karnaval-visitberlin-300x200.jpg 300w, https:\/\/www.walkberlin.com\/de\/wp-content\/uploads\/sites\/2\/2017\/01\/Karnaval-visitberlin-1024x681.jpg 1024w, https:\/\/www.walkberlin.com\/de\/wp-content\/uploads\/sites\/2\/2017\/01\/Karnaval-visitberlin-100x67.jpg 100w, https:\/\/www.walkberlin.com\/de\/wp-content\/uploads\/sites\/2\/2017\/01\/Karnaval-visitberlin-330x220.jpg 330w, https:\/\/www.walkberlin.com\/de\/wp-content\/uploads\/sites\/2\/2017\/01\/Karnaval-visitberlin-200x133.jpg 200w\" sizes=\"(max-width: 1792px) 100vw, 1792px\" \/><br \/>\n<strong>Foto: Karneval der Kulturen | Carnival of Cultures \u00a9 <em>visitBerlin<\/em>, Foto: Philip Koschel<\/strong><\/p>\n<p><strong>&#8220;Deutscher Kolonialismus. Geschichte und Gegenwart&#8221;<\/strong><br \/>\nEine Ausstellung des Deutschen Historischen Museums \u00fcber die deutsche Kolonialgeschichte.<br \/>\nDeutsches Historisches Museum, bis 14. Mai 2017, Unter den Linden 2, 10117 Berlin<br \/>\nWeb: <a href=\"http:\/\/www.dhm.de\/ausstellungen\/vorschau\/deutscher-kolonialismus.html\" target=\"_blank\" rel=\"noopener\">www.dhm.de\/ausstellungen\/vorschau\/deutscher-kolonialismus.html<\/a> <\/p>\n<p><strong>67. Berlinale \u2013 Internationale Filmfestspiele Berlin<\/strong><br \/>\nDiverse Veranstaltungsorte in Berlin, 9.-19. Februar 2017<br \/>\nWeb: <a href=\"http:\/\/www.berlinale.de\" target=\"_blank\" rel=\"noopener\">www.berlinale.de<\/a><\/p>\n<p><strong>&#8220;Der Gl\u00f6ckner von Notre Dame&#8221;<\/strong><br \/>\nEin Musical von Disney und dem Berliner Stage Theater des Westens basiert auf dem Roman von Victor Hugo.<br \/>\nStage Theater des Westens, ab April 2017, Kantstra\u00dfe 12, 10623 Berlin<br \/>\nWeb: <a href=\"http:\/\/www.stage-entertainment.de\/musicals-shows\/berlin\/der-gloeckner-von-notre-dame\/show\/disneys-der-gloeckner-von-notre-dame-berlin.html\" target=\"_blank\" rel=\"noopener\">www.stage-entertainment.de\/musicals-shows\/berlin\/der-gloeckner-von-notre-dame\/show\/disneys-der-gloeckner-von-notre-dame-berlin.html<\/a><\/p>\n<p><strong>&#8220;Der Luthereffekt &#8211; 500 Jahre Reformation.&#8221;<\/strong><br \/>\nEine Ausstellung zum Reformationsjubil\u00e4um vom Deutschen Historischen Museum im Martin-Gropius-Bau von der Reformationszeit bis heute.<br \/>\nMartin-Gropius-Bau, 12. April-5. November 2017, Niederkirchnerstra\u00dfe 7, 10963 Berlin<br \/>\nWeb: <a href=\"http:\/\/www.dhm.de\/ausstellungen\/vorschau\/der-luthereffekt.html\" target=\"_blank\" rel=\"noopener\">www.dhm.de\/ausstellungen\/vorschau\/der-luthereffekt.html<\/a> <\/p>\n<p><strong>&#8220;achtung berlin \u2013 new berlin film award 2017&#8221;<\/strong><br \/>\nEin Filmfestival mit neuen Filmen aus und \u00fcber Berlin\/Brandenburg. Dieses Jahr auch zum Wandel der Stadt nach dem Mauerfall 1989.<br \/>\nDiverse Veranstaltungsorte, 19.-26. April 2017<br \/>\nWeb: <a href=\"http:\/\/achtungberlin.de\" target=\"_blank\" rel=\"noopener\">achtungberlin.de<\/a> <\/p>\n<p><strong>&#8220;Karneval der Kulturen&#8221;<\/strong><br \/>\nDas Stra\u00dfenfest mit St\u00e4nden zur Kulturen der ganzen Welt und dem traditionnellen Karnevalsumzug an Pfingstsonntag.<br \/>\nBl\u00fccherplatz, 2.-5. Juni 2017<br \/>\nWeb: <a href=\"http:\/\/www.karneval-berlin.de\" target=\"_blank\" rel=\"noopener\">www.karneval-berlin.de<\/a><\/p>\n<p><strong>F\u00eate de la Musique<\/strong><br \/>\nEin Fest der Musik in der ganzen Stadt.<br \/>\n\u00dcberall, 21. Juni 2017<br \/>\nWeb: <a href=\"http:\/\/www.fetedelamusique.de\" target=\"_blank\" rel=\"noopener\">www.fetedelamusique.de<\/a><\/p>\n<p><strong>150. Geburtstag von K\u00e4the Kollwitz<\/strong><br \/>\nDas K\u00e4the-Kollwitz-Museum ist der K\u00fcnstlerin K\u00e4the Kollwitz gewidmet. Ihr 150. Geburtstag ist auf jeden Fall der Anlass, ihr bildhauerisches Werk und Zeichnungen (wieder) zu entdecken.<br \/>\nK\u00e4the-Kollwitz-Museum, 8. Juli 2017<br \/>\nWeb: <a href=\"http:\/\/www.kaethe-kollwitz.de\" target=\"_blank\" rel=\"noopener\">www.kaethe-kollwitz.de<\/a><\/p>\n<p><strong>Classic Open Air am Gendarmenmarkt<\/strong><br \/>\nDas sommerliche Rendez-vous f\u00fcr Amateure der klassischen Musik unter freiem Himmel.<br \/>\nGendarmenmarkt, 20.-25. Juli 2017<br \/>\nWeb: <a href=\"http:\/\/www.classicopenair.de\" target=\"_blank\" rel=\"noopener\">www.classicopenair.de<\/a><\/p>\n<p><strong>39. CSD Berlin<\/strong><br \/>\nStart am Kurf\u00fcrstendamm, 22. Juli 2017<br \/>\nWeb: <a href=\"http:\/\/www.csd-berlin.de\" target=\"_blank\" rel=\"noopener\">www.csd-berlin.de<\/a><\/p>\n<p><strong>Lange Nacht der Museen<\/strong><br \/>\n&#8220;77 Museen, 700 Veranstaltungen, 1 Ticket&#8221;. W\u00e4hrend der langen Nacht der Museen am 26. August k\u00f6nnen Sie f\u00fcr 18\u20ac und von 18 bis 2 Uhr in die Nacht jede Menge Kultur erleben und entdecken.<br \/>\nDiverse Veranstaltungsorte, 26. August 2017<br \/>\nWeb: <a href=\"http:\/\/www.lange-nacht-der-museen.de\/de\/\" target=\"_blank\" rel=\"noopener\">www.lange-nacht-der-museen.de\/de\/<\/a><\/p>\n<p><strong>Tag der offenen T\u00fcr der Bundesregierung 2017<\/strong><br \/>\nDie T\u00fcren des Bundeskanzleramts und der Ministerien haben an diesem Tag Ihre T\u00fcren f\u00fcr alle Besucher ge\u00f6ffnet. Einzigartiger Anla\u00df in den historisch gepr\u00e4gten Geb\u00e4uden der deutschen Politik.<br \/>\nVerschiedene Orte in Berlin, Termin noch nicht bekannt<br \/>\nWeb: <a href=\"https:\/\/www.berlin.de\/events\/3135988-2229501-tag-der-offenen-tuer-der-bundesregierung.html\" target=\"_blank\" rel=\"noopener\">https:\/\/www.berlin.de\/events\/3135988-2229501-tag-der-offenen-tuer-der-bundesregierung.html<\/a><\/p>\n<p><strong>Berlin Marathon<\/strong><br \/>\nZiel: Stra\u00dfe des 17. Juni, 23. und 24. September 2017<br \/>\nWeb: <a href=\"http:\/\/www.bmw-berlin-marathon.com\/\" target=\"_blank\" rel=\"noopener\">http:\/\/www.bmw-berlin-marathon.com\/<\/a><\/p>\n<p><strong>Berliner Lichterfeste<\/strong><br \/>\nIm dunklen Herbst lassen K\u00fcnstlerInnen die Berliner Wahrzeichen in zwei Licht-Festivals erstrahlen.<br \/>\nBerlin leuchtet: diverse Veranstaltungsorte, Termin wird noch bekannt gegeben, Web: <a href=\"http:\/\/berlin-leuchtet.com\" target=\"_blank\" rel=\"noopener\">berlin-leuchtet.com<\/a><br \/>\nFestival of Lights: diverse Veranstaltungsorte, 6.-15. Oktober 2017, Web: <a href=\"http:\/\/festival-of-lights.de\" target=\"_blank\" rel=\"noopener\">festival-of-lights.de<\/a><\/p>\n<p><strong>1917. Revolution \u2013 Russland und Europa<\/strong><br \/>\nZum 100. Jubil\u00e4um der Russischen Revolution zeigt das Deutsche Historische Museum eine Ausstellung \u00fcber die Bedeutung und Wirkungen der revolution\u00e4ren Ereignisse 1917 f\u00fcr das 20. Jahrhundert.<br \/>\nDeutsches Historisches Museum, 20. Oktober 2017-15. April 2018<br \/>\nWeb: <a href=\"http:\/\/www.dhm.de\/ausstellungen\/vorschau\/1917-revolution.html\" target=\"_blank\" rel=\"noopener\">www.dhm.de\/ausstellungen\/vorschau\/1917-revolution.html<\/a> <\/p>\n<p><strong>Foto: Karneval der Kulturen | Carnival of Cultures \u00a9 <em>visitBerlin<\/em>, Foto: Philip Koschel<\/strong><\/p>\n<div id=\"social-media\">\n\t\t\t\t\t\t<span class=\"h3\">Empfehlen und teilen<\/span>\n\t\t\t\t\t\t<ul>\n\t\t\t\t\t\t\t<li>\n\t\t\t\t\t\t\t\t<img src=\"https:\/\/www.walkberlin.com\/de\/wp-content\/themes\/stylemag\/images\/social-media\/facebook_icon.png\" id=\"facebook\" class=\"socialbtn\" alt=\"\" \/>\n\t\t\t\t\t\t\t<\/li>\n\t\t\t\t\t\t\t<li>\n\t\t\t\t\t\t\t\t<img src=\"https:\/\/www.walkberlin.com\/de\/wp-content\/themes\/stylemag\/images\/social-media\/twitter_icon.png\" id=\"twitter\" class=\"socialbtn\" alt=\"\" \/>\n\t\t\t\t\t\t\t<\/li>\n\t\t\t\t\t\t\t<li>\n\t\t\t\t\t\t\t\t<img src=\"https:\/\/www.walkberlin.com\/de\/wp-content\/themes\/stylemag\/images\/social-media\/googleplus_icon.png\" id=\"googleplus\" class=\"socialbtn\" alt=\"\" \/>\n\t\t\t\t\t\t\t<\/li>\n\t\t\t\t\t\t\t<li>\n\t\t\t\t\t\t\t\t<img src=\"https:\/\/www.walkberlin.com\/de\/wp-content\/themes\/stylemag\/images\/social-media\/pinterest_icon.png\" id=\"pinterest\" class=\"socialbtn\" alt=\"\" \/>\n\t\t\t\t\t\t\t<\/li>\n\t\t\t\t\t\t\t<li>\n\t\t\t\t\t\t\t\t<img src=\"https:\/\/www.walkberlin.com\/de\/wp-content\/themes\/stylemag\/images\/social-media\/whatsapp_icon.png\" id=\"whatsapp\" class=\"socialbtn\" alt=\"\" \/>\n\t\t\t\t\t\t\t<\/li>\n\t\t\t\t\t\t\t<li>\n\t\t\t\t\t\t\t\t<img src=\"https:\/\/www.walkberlin.com\/de\/wp-content\/themes\/stylemag\/images\/social-media\/email_icon.png\" id=\"email\" class=\"socialbtn\" alt=\"\" \/>\n\t\t\t\t\t\t\t<\/li>\n\t\t\t\t\t\t<\/ul>\n\t\t\t\t\t\t<\/div>\n\t\t\t\t\t\t\t<div class=\"widget-title-border\">\n\t\t\t\t\t\t<div class=\"widget-title-block\"><\/div>\n\t\t\t\t\t<\/div>","protected":false},"excerpt":{"rendered":"<p>In Berlin ist immer was los und f\u00fcr jeden Geschmack. Auch 2017 finden Ausstellungen, Sportveranstaltungen und Events das ganze Jahr statt. Um Ihren Berlin Aufenthalt am besten zu planen, finden Sie hier einen kleinen Vorgeschmack auf das, was Sie 2017 erwartet: Foto: Karneval der Kulturen | Carnival of Cultures \u00a9 visitBerlin, Foto: Philip Koschel &#8220;Deutscher<\/p>\n","protected":false},"author":2,"featured_media":2199,"comment_status":"closed","ping_status":"closed","sticky":false,"template":"","format":"standard","meta":[],"categories":[1,26],"tags":[7,23,29],"_links":{"self":[{"href":"https:\/\/www.walkberlin.com\/de\/wp-json\/wp\/v2\/posts\/2173"}],"collection":[{"href":"https:\/\/www.walkberlin.com\/de\/wp-json\/wp\/v2\/posts"}],"about":[{"href":"https:\/\/www.walkberlin.com\/de\/wp-json\/wp\/v2\/types\/post"}],"author":[{"embeddable":true,"href":"https:\/\/www.walkberlin.com\/de\/wp-json\/wp\/v2\/users\/2"}],"replies":[{"embeddable":true,"href":"https:\/\/www.walkberlin.com\/de\/wp-json\/wp\/v2\/comments?post=2173"}],"version-history":[{"count":8,"href":"https:\/\/www.walkberlin.com\/de\/wp-json\/wp\/v2\/posts\/2173\/revisions"}],"predecessor-version":[{"id":2349,"href":"https:\/\/www.walkberlin.com\/de\/wp-json\/wp\/v2\/posts\/2173\/revisions\/2349"}],"wp:featuredmedia":[{"embeddable":true,"href":"https:\/\/www.walkberlin.com\/de\/wp-json\/wp\/v2\/media\/2199"}],"wp:attachment":[{"href":"https:\/\/www.walkberlin.com\/de\/wp-json\/wp\/v2\/media?parent=2173"}],"wp:term":[{"taxonomy":"category","embeddable":true,"href":"https:\/\/www.walkberlin.com\/de\/wp-json\/wp\/v2\/categories?post=2173"},{"taxonomy":"post_tag","embeddable":true,"href":"https:\/\/www.walkberlin.com\/de\/wp-json\/wp\/v2\/tags?post=2173"}],"curies":[{"name":"wp","href":"https:\/\/api.w.org\/{rel}","templated":true}]}}