{"id":2179,"date":"2016-01-08T12:00:21","date_gmt":"2016-01-08T10:00:21","guid":{"rendered":"https:\/\/www.walkberlin.com\/de\/?p=2179"},"modified":"2021-07-25T15:26:49","modified_gmt":"2021-07-25T13:26:49","slug":"ferien-und-brueckentage-2016","status":"publish","type":"post","link":"https:\/\/www.walkberlin.com\/de\/ferien-und-brueckentage-2016\/","title":{"rendered":"Ferien und Br\u00fcckentage 2016"},"content":{"rendered":"<p>2016 hatte so gut angefangen: der erste Januar auf einem Freitag, um das neue Jahr entspannt zu beginnen. Doch ist 2016 kein besonderes freundliches Jahr f\u00fcr Arbeitnehmer. Zwei der deutschlandweiten neun Feiertage fallen auf einen Sonntag: der erste Mai und der erste Weihnachtsfeiertag. Immerhin fallen 2016 diese Feiertage g\u00fcngstiger. Hier ein paar Tipps, um seinen Urlaub 2016 am besten zu planen.<\/p>\n<p><img loading=\"lazy\" width=\"849\" height=\"566\" src=\"https:\/\/www.walkberlin.com\/de\/wp-content\/uploads\/sites\/2\/2015\/01\/kalender-brueckentage-urlaub.jpg\" alt=\"Ferien und Br\u00fcckentage 2016\" class=\"aligncenter size-full wp-image-1922\" srcset=\"https:\/\/www.walkberlin.com\/de\/wp-content\/uploads\/sites\/2\/2015\/01\/kalender-brueckentage-urlaub.jpg 849w, https:\/\/www.walkberlin.com\/de\/wp-content\/uploads\/sites\/2\/2015\/01\/kalender-brueckentage-urlaub-300x200.jpg 300w, https:\/\/www.walkberlin.com\/de\/wp-content\/uploads\/sites\/2\/2015\/01\/kalender-brueckentage-urlaub-100x66.jpg 100w, https:\/\/www.walkberlin.com\/de\/wp-content\/uploads\/sites\/2\/2015\/01\/kalender-brueckentage-urlaub-330x220.jpg 330w, https:\/\/www.walkberlin.com\/de\/wp-content\/uploads\/sites\/2\/2015\/01\/kalender-brueckentage-urlaub-200x133.jpg 200w\" sizes=\"(max-width: 849px) 100vw, 849px\" \/><\/p>\n<h2>Diese Feiertage 2016 lohnen sich<\/h2>\n<p>Klassiker entt\u00e4uchen nie. Ostern und Mai bleiben wie jedes Jahr die besten M\u00f6glichkeiten f\u00fcr einen Kurzurlaub. \u00dcber Ostern k\u00f6nnen Sie schon Ende M\u00e4rz von Karfreitag am 25.03. bis Ostermontag am 28.03. ein verl\u00e4ngertes Wochenende genie\u00dfen.<\/p>\n<p>Mai bleibt der Monat der Br\u00fcckentage. Da Christi Himmelfahrt am 5. Mai wie immer auf einen Donnerstag f\u00e4llt, brauchen Sie nur f\u00fcr den Freitag einen Urlaubstag zu nehmen. Pfingsten bietet die n\u00e4chste Gelegenheit f\u00fcr ein paar Tage Erholung \u00fcber den 15. Mai und 16. Mai an. Beide M\u00f6glichkeiten k\u00f6nnen Sie sogar verbinden: mit 6 Urlaubstagen h\u00e4tten Sie vom 5. bis zum 16. Mai einen langen Break.<\/p>\n<p>Bis zum Ende des Jahres bleiben f\u00fcr alle nur noch der Tag der deutschen Einheit im Oktober und Weihnachten. Besser als 2015 f\u00e4llt der Tag der Deutschen Einheit am 3.10. dieses Jahr auf einem Montag, sowie der zweite Weihnachtsfeiertag. Mit vier Urlaubstagen k\u00f6nnte man also das Jahr ruhig ausklingen lassen.<\/p>\n<h3>Regional sieht es f\u00fcr manche besser aus<\/h3>\n<p>Regional kommen Feiertage dazu, die besonders g\u00fcngstig liegen und weitere Br\u00fcckentage anbieten. Fronleichnam, Mari\u00e4 Himmelfahrt und der Reformationstag fallen entweder auf einen Donnerstag oder einen Montag. Auch Heilige Drei K\u00f6nige am 6. Januar f\u00e4llt dieses Jahr g\u00fcnstig auf einen Mittwoch und erm\u00f6glicht Arbeitnehmern in Sachsen-Anhalt, Baden-W\u00fcrttemberg und Bayern mit nur zwei Urlaubstagen am 4. und 5. Januar es 2016 langsam anzugehen.<\/p>\n<p>Mit Fronleichnam am 26. Mai verf\u00fcgen Arbeitnehmer in Baden-W\u00fcrttemberg, Bayern, Hessen, Nordrhein-Westfalen, Rheinland-Pfalz und im Saarland \u00fcber einen weiteren Feiertag im Mai. Fronleichnam f\u00e4llt immer auf einen Donnerstag und bietet somit nach Christi Himmelfahrt und Pfingsten ein drittes verl\u00e4ngertes Wochenende im &#8220;Br\u00fcckentagemonat Mai&#8221; an.<\/p>\n<p>In Bayern und im Saarland ist Mari\u00e4 Himmelfahrt am 15. August ein Feiertag und liegt 2016 auf einen Montag. Auch der Reformationstag am 31. Oktober, der in Brandenburg, Mecklenburg-Vorpommern, Sachsen-Anhalt und Th\u00fcringen ein Feiertag ist. <\/p>\n<p>Allerheiligen am 1. November f\u00e4llt somit auf einen Dienstag und bietet mit einem Urlaubstag Arbeitnehmern in Baden-W\u00fcrttemberg, Bayern, Nordrhein-Westfalen, Rheinland-Pfalz und im Saarland ein letztes verl\u00e4ngertes Wochenende vor Weihnachten an.<\/p>\n<div class=\"widget-title-border\"><div class=\"widget-title-block\"><\/div><\/div><br \/>\n<h2>Ferien 2016 nach Bundesl\u00e4nder<\/h2>\n<table>\n<tr>\n<th>&nbsp;<\/th>\n<th colspan=\"4\">Schuljahr 2015\/2016 <\/th>\n<th colspan=\"4\">Schuljahr 2016\/2017 <\/th>\n<\/tr>\n<tr>\n<th>&nbsp;<\/th>\n<th>Winter<\/th>\n<th>Ostern<\/th>\n<th>Pfingsten<\/th>\n<th>Sommer<\/th>\n<th>Herbst<\/th>\n<th>Weihnachten<\/th>\n<\/tr>\n<tr>\n<td>Baden-W\u00fcrttemberg<\/td>\n<td>&nbsp;<\/td>\n<td>29.03. &#8211; 02.04.<\/td>\n<td>17.05. &#8211; 28.05.<\/td>\n<td>28.07. &#8211; 10.09.<\/td>\n<td>02.11. &#8211; 04.11.<\/td>\n<td>23.12. &#8211; 07.01.<\/td>\n<\/tr>\n<tr>\n<td>Bayern<\/td>\n<td>08.02. &#8211; 12.02.<\/td>\n<td>21.03. &#8211; 01.04.<\/td>\n<td>17.05. &#8211; 28.05.<\/td>\n<td>30.07. &#8211; 12.09.<\/td>\n<td>31.10. &#8211; 04.11.<\/td>\n<td>24.12. &#8211; 05.01.<\/td>\n<\/tr>\n<tr>\n<td>Berlin<\/td>\n<td>01.02. &#8211; 06.02.<\/td>\n<td>21.03. &#8211; 02.04.<\/td>\n<td>06.05. \/ 17.05. \/ 18.05.<\/td>\n<td>21.07. &#8211; 02.09.<\/td>\n<td>17.10. &#8211; 28.10.<\/td>\n<td>23.12. &#8211; 03.01.<\/td>\n<\/tr>\n<tr>\n<td>Brandenburg<\/td>\n<td>01.02. &#8211; 06.02.<\/td>\n<td>23.03. &#8211; 02.04.<\/td>\n<td>06.05. \/ 17.05.<\/td>\n<td>21.07. &#8211; 03.09.<\/td>\n<td>17.10. &#8211; 28.10.<\/td>\n<td>23.12. &#8211; 03.01.<\/td>\n<\/tr>\n<tr>\n<td>Bremen<\/td>\n<td>01.02. &#8211; 06.02.<\/td>\n<td>23.03. &#8211; 02.04.<\/td>\n<td>06.05. \/ 17.05.<\/td>\n<td>23.06. &#8211; 03.08.<\/td>\n<td>04.10. &#8211; 15.10.<\/td>\n<td>21.12. &#8211; 06.01.<\/td>\n<\/tr>\n<tr>\n<td>Hamburg<\/td>\n<td>29.01.<\/td>\n<td>07.03. &#8211; 18.03.<\/td>\n<td>06.05. \/ 17.05. &#8211; 20.05.<\/td>\n<td>21.07. &#8211; 31.08.<\/td>\n<td>17.10. &#8211; 28.10.<\/td>\n<td>27.12. &#8211; 06.01.<\/td>\n<\/tr>\n<tr>\n<td>Hessen<\/td>\n<td>&nbsp;<\/td>\n<td>29.03. &#8211; 09.04.<\/td>\n<td>&nbsp;<\/td>\n<td>18.07. &#8211; 26.08.<\/td>\n<td>17.10. &#8211; 29.10.<\/td>\n<td>22.12. &#8211; 07.01.<\/td>\n<\/tr>\n<tr>\n<td>Mecklenburg-Vorpommern<\/td>\n<td>01.02. &#8211; 13.02.<\/td>\n<td>21.03. &#8211; 30.03.<\/td>\n<td>14.05. &#8211; 17.05.<\/td>\n<td>25.07. &#8211; 03.09.<\/td>\n<td>24.10. &#8211; 28.10.<\/td>\n<td>22.12. &#8211; 02.01.<\/td>\n<\/tr>\n<tr>\n<td>Niedersachsen<\/td>\n<td>28.01. &#8211; 29.01.<\/td>\n<td>18.03. &#8211; 02.04.<\/td>\n<td>06.05. \/ 17.05.<\/td>\n<td>23.06. &#8211; 03.08.<\/td>\n<td>04.10. &#8211; 15.10.<\/td>\n<td>21.12. &#8211; 06.01.<\/td>\n<\/tr>\n<tr>\n<td>Nordrhein-Westfalen<\/td>\n<td>&nbsp;<\/td>\n<td>21.03. &#8211; 02.04.<\/td>\n<td>17.05.<\/td>\n<td>11.07. &#8211; 23.08.<\/td>\n<td>10.10. &#8211; 21.10.<\/td>\n<td>23.12. &#8211; 06.01.<\/td>\n<\/tr>\n<tr>\n<td>Rheinland-Pfalz<\/td>\n<td>&nbsp;<\/td>\n<td>18.03. &#8211; 01.04.<\/td>\n<td>&nbsp;<\/td>\n<td>18.07. &#8211; 26.08.<\/td>\n<td>10.10. &#8211; 21.10.<\/td>\n<td>22.12. &#8211; 06.01.<\/td>\n<\/tr>\n<tr>\n<td>Saarland<\/td>\n<td>08.02. &#8211; 13.02.<\/td>\n<td>29.03. &#8211; 09.04.<\/td>\n<td>&nbsp;<\/td>\n<td>18.07. &#8211; 27.08.<\/td>\n<td>10.10. &#8211; 22.10.<\/td>\n<td>19.12. &#8211; 31.12.<\/td>\n<\/tr>\n<tr>\n<td>Sachsen<\/td>\n<td>08.02. &#8211; 20.02.<\/td>\n<td>25.03. &#8211; 02.04.<\/td>\n<td>06.05.<\/td>\n<td>27.06. &#8211; 05.08.<\/td>\n<td>03.10. &#8211; 15.10.<\/td>\n<td>23.12. &#8211; 02.01.<\/td>\n<\/tr>\n<tr>\n<td>Sachsen-Anhalt<\/td>\n<td>01.02. &#8211; 10.02.<\/td>\n<td>24.03.<\/td>\n<td>06.05. &#8211; 14.05.<\/td>\n<td>27.06. &#8211; 10.08.<\/td>\n<td>04.10. &#8211; 15.10.<\/td>\n<td>19.12. &#8211; 02.01.<\/td>\n<\/tr>\n<tr>\n<td>Schleswig-Holstein<\/td>\n<td>&nbsp;<\/td>\n<td>24.03. &#8211; 09.04.<\/td>\n<td>06.05.<\/td>\n<td>25.07. &#8211; 03.09.<\/td>\n<td>17.10. &#8211; 29.10.<\/td>\n<td>23.12. &#8211; 06.01.<\/td>\n<\/tr>\n<tr>\n<td>Th\u00fcringen<\/td>\n<td>01.02. &#8211; 06.02.<\/td>\n<td>24.03. &#8211; 02.04.<\/td>\n<td>06.05.<\/td>\n<td>27.06. &#8211; 10.08.<\/td>\n<td>10.10. &#8211; 22.10.<\/td>\n<td>23.12. &#8211; 31.12.<\/td>\n<\/tr>\n<\/table>\n<p>Bildquelle: \u00a9 RRF \u2013 Fotolia.com<\/p>\n<div id=\"social-media\">\n\t\t\t\t\t\t<span class=\"h3\">Empfehlen und teilen<\/span>\n\t\t\t\t\t\t<ul>\n\t\t\t\t\t\t\t<li>\n\t\t\t\t\t\t\t\t<img src=\"https:\/\/www.walkberlin.com\/de\/wp-content\/themes\/stylemag\/images\/social-media\/facebook_icon.png\" id=\"facebook\" class=\"socialbtn\" alt=\"\" \/>\n\t\t\t\t\t\t\t<\/li>\n\t\t\t\t\t\t\t<li>\n\t\t\t\t\t\t\t\t<img src=\"https:\/\/www.walkberlin.com\/de\/wp-content\/themes\/stylemag\/images\/social-media\/twitter_icon.png\" id=\"twitter\" class=\"socialbtn\" alt=\"\" \/>\n\t\t\t\t\t\t\t<\/li>\n\t\t\t\t\t\t\t<li>\n\t\t\t\t\t\t\t\t<img src=\"https:\/\/www.walkberlin.com\/de\/wp-content\/themes\/stylemag\/images\/social-media\/googleplus_icon.png\" id=\"googleplus\" class=\"socialbtn\" alt=\"\" \/>\n\t\t\t\t\t\t\t<\/li>\n\t\t\t\t\t\t\t<li>\n\t\t\t\t\t\t\t\t<img src=\"https:\/\/www.walkberlin.com\/de\/wp-content\/themes\/stylemag\/images\/social-media\/pinterest_icon.png\" id=\"pinterest\" class=\"socialbtn\" alt=\"\" \/>\n\t\t\t\t\t\t\t<\/li>\n\t\t\t\t\t\t\t<li>\n\t\t\t\t\t\t\t\t<img src=\"https:\/\/www.walkberlin.com\/de\/wp-content\/themes\/stylemag\/images\/social-media\/whatsapp_icon.png\" id=\"whatsapp\" class=\"socialbtn\" alt=\"\" \/>\n\t\t\t\t\t\t\t<\/li>\n\t\t\t\t\t\t\t<li>\n\t\t\t\t\t\t\t\t<img src=\"https:\/\/www.walkberlin.com\/de\/wp-content\/themes\/stylemag\/images\/social-media\/email_icon.png\" id=\"email\" class=\"socialbtn\" alt=\"\" \/>\n\t\t\t\t\t\t\t<\/li>\n\t\t\t\t\t\t<\/ul>\n\t\t\t\t\t\t<\/div>\n\t\t\t\t\t\t\t<div class=\"widget-title-border\">\n\t\t\t\t\t\t<div class=\"widget-title-block\"><\/div>\n\t\t\t\t\t<\/div>","protected":false},"excerpt":{"rendered":"<p>2016 hatte so gut angefangen: der erste Januar auf einem Freitag, um das neue Jahr entspannt zu beginnen. Doch ist 2016 kein besonderes freundliches Jahr f\u00fcr Arbeitnehmer. Zwei der deutschlandweiten neun Feiertage fallen auf einen Sonntag: der erste Mai und der erste Weihnachtsfeiertag. Immerhin fallen 2016 diese Feiertage g\u00fcngstiger. Hier ein paar Tipps, um seinen<\/p>\n","protected":false},"author":2,"featured_media":1922,"comment_status":"closed","ping_status":"closed","sticky":false,"template":"","format":"standard","meta":[],"categories":[1],"tags":[42,41],"_links":{"self":[{"href":"https:\/\/www.walkberlin.com\/de\/wp-json\/wp\/v2\/posts\/2179"}],"collection":[{"href":"https:\/\/www.walkberlin.com\/de\/wp-json\/wp\/v2\/posts"}],"about":[{"href":"https:\/\/www.walkberlin.com\/de\/wp-json\/wp\/v2\/types\/post"}],"author":[{"embeddable":true,"href":"https:\/\/www.walkberlin.com\/de\/wp-json\/wp\/v2\/users\/2"}],"replies":[{"embeddable":true,"href":"https:\/\/www.walkberlin.com\/de\/wp-json\/wp\/v2\/comments?post=2179"}],"version-history":[{"count":11,"href":"https:\/\/www.walkberlin.com\/de\/wp-json\/wp\/v2\/posts\/2179\/revisions"}],"predecessor-version":[{"id":2190,"href":"https:\/\/www.walkberlin.com\/de\/wp-json\/wp\/v2\/posts\/2179\/revisions\/2190"}],"wp:featuredmedia":[{"embeddable":true,"href":"https:\/\/www.walkberlin.com\/de\/wp-json\/wp\/v2\/media\/1922"}],"wp:attachment":[{"href":"https:\/\/www.walkberlin.com\/de\/wp-json\/wp\/v2\/media?parent=2179"}],"wp:term":[{"taxonomy":"category","embeddable":true,"href":"https:\/\/www.walkberlin.com\/de\/wp-json\/wp\/v2\/categories?post=2179"},{"taxonomy":"post_tag","embeddable":true,"href":"https:\/\/www.walkberlin.com\/de\/wp-json\/wp\/v2\/tags?post=2179"}],"curies":[{"name":"wp","href":"https:\/\/api.w.org\/{rel}","templated":true}]}}