{"id":1310,"date":"2014-06-29T11:19:22","date_gmt":"2014-06-29T09:19:22","guid":{"rendered":"https:\/\/www.walkberlin.com\/fr\/?p=1310"},"modified":"2021-07-25T15:07:17","modified_gmt":"2021-07-25T13:07:17","slug":"le-panorama-asisi-le-mur-de-berlin","status":"publish","type":"post","link":"https:\/\/www.walkberlin.com\/fr\/le-panorama-asisi-le-mur-de-berlin\/","title":{"rendered":"Le panorama Asisi : le Mur de Berlin"},"content":{"rendered":"<p><img loading=\"lazy\" width=\"640\" height=\"427\" src=\"https:\/\/www.walkberlin.com\/fr\/wp-content\/uploads\/sites\/3\/2014\/06\/asisi_2.jpg\" alt=\"Panorama Asisi Berlin\" class=\"alignnone size-full wp-image-1344\" srcset=\"https:\/\/www.walkberlin.com\/fr\/wp-content\/uploads\/sites\/3\/2014\/06\/asisi_2.jpg 640w, https:\/\/www.walkberlin.com\/fr\/wp-content\/uploads\/sites\/3\/2014\/06\/asisi_2-300x200.jpg 300w, https:\/\/www.walkberlin.com\/fr\/wp-content\/uploads\/sites\/3\/2014\/06\/asisi_2-100x66.jpg 100w, https:\/\/www.walkberlin.com\/fr\/wp-content\/uploads\/sites\/3\/2014\/06\/asisi_2-330x220.jpg 330w, https:\/\/www.walkberlin.com\/fr\/wp-content\/uploads\/sites\/3\/2014\/06\/asisi_2-200x133.jpg 200w\" sizes=\"(max-width: 640px) 100vw, 640px\" \/><\/p>\n<h2>Le mur au quotidien<\/h2>\n<p>C&#8217;est le regard d&#8217;un artiste sur ce qui fut le symbole de la Guerre froide et surtout, le quotidien des Berlinois pendant 28 ans : le Mur de Berlin. Un quotidien entrav\u00e9 par le mur mais aussi marqu\u00e9 par la banalit\u00e9. Le ciel est gris, ce jour de novembre, et chacun vaque \u00e0 ses occupations \u00e0 l&#8217;Ouest du mur. Des enfants jouent, des m\u00e8res prom\u00e8nent leur b\u00e9b\u00e9, un kiosque propose des curry wurst, des punks s&#8217;appuient sur un mur et des passants passent. <\/p>\n<p>Seul le panneau&nbsp;:&nbsp;\u00ab&nbsp;You are leaving the american sector&nbsp;\u00bb rappelle la r\u00e9alit\u00e9 politique. De l&#8217;autre c\u00f4t\u00e9 du mur, l&#8217;espace fronti\u00e8re, ce <em>no man&#8217;s land<\/em> avec ses miradors et ses gardes-fronti\u00e8res, un espace ferm\u00e9 par le mur d&#8217;arri\u00e8re-plan \u00e0 l&#8217;Est&nbsp;:&nbsp;une zone interdite. Une perspective sur le mur, voil\u00e0 le <a href=\"http:\/\/www.asisi.de\/index.php?id=7#asisi_index_id_71\" target=\"_blank\" rel=\"noopener\">panorama d&#8217;Asisi<\/a>. <\/p>\n<h2>Asisi et l&#8217;art du moment<\/h2>\n<p>Yadegar Asisi peint un moment de cette vie quotidienne avec le mur, un jour de novembre \u00e0 Kreuzberg, dans les ann\u00e9es 80. C&#8217;est dans ce <em>Kiez<\/em> entre Moritzplatz et Engelbecken, que l\u2019artiste a v\u00e9cu. <a href=\"http:\/\/www.asisi.de\/index.php?id=7#asisi_index_id_40\" target=\"_blank\" rel=\"noopener\">Yadegar Asisi<\/a> est n\u00e9 en 1955 \u00e0 Vienne et a grandi en RDA \u00e0 Halle et Leipzig. Il a fait des \u00e9tudes d&#8217;architecture \u00e0 la TU Dresden et \u00e0 la HDK \u00e0 Berlin. Ce sont ses impressions qu&#8217;il peint sur le panorama, ses souvenirs de ces moments avec le mur qu&#8217;il saisit en un instant. <\/p>\n<p>Depuis les ann\u00e9es 2000, l&#8217;artiste privil\u00e9gie cette forme d&#8217;art, le panorama, pour peindre des sc\u00e8nes quotidiennes avec une technique pr\u00e9cise et un respect des profondeurs. Asisi expose aussi dans des gazom\u00e8tres \u00e0 Dresde, le c\u0153ur baroque du centre-ville de la \u00ab&nbsp;Florence de l&#8217;Elbe&nbsp;\u00bb et \u00e0 Leipzig, avec une vue sur la bataille d\u00e9cisive des guerres napol\u00e9oniennes en 1813. <\/p>\n<p>Un nouveau projet est pr\u00e9vu \u00e0 Dresde en 2015 pour le 70\u00e8me anniversaire de la fin de la Seconde guerre mondiale. Le centre-ville de Dresde, bombard\u00e9 par les Alli\u00e9s le 14 f\u00e9vrier 1945, a \u00e9t\u00e9 en grande partie d\u00e9truit. Les ruines de la <a href=\"http:\/\/www.goethe.de\/kue\/flm\/prj\/kub\/std\/fr3982506.htm\" target=\"_blank\" rel=\"noopener\">Frauenkirche<\/a> ont marqu\u00e9 le paysage urbain jusqu&#8217;\u00e0 la r\u00e9unification des deux Allemagnes. Depuis, elle a \u00e9t\u00e9 reconstruite, tout comme les b\u00e2timents du centre \u00e0 l&#8217;architecture baroque. <\/p>\n<div id=\"tabs-panorama-asisi-berlin\">\n<div class=\"msg default clearfix\"><p>\n<strong>Adresse :<\/strong> Friedrichstra\u00dfe 205, 10117 Berlin<br \/>\n<strong>Internet :<\/strong> <a href=\"http:\/\/www.asisi.de\/index.php?id=7#asisi_index_id_71\" target=\"_blank\" rel=\"noopener\">Panorama Asisi Berlin<\/a><br \/>\n<strong>Entr\u00e9e :<\/strong> 10\u20ac, r\u00e9duit : 8\u20ac, 4\u20ac<br \/>\n<strong>Horaires d&#8217;ouverture :<\/strong> tous les jours 10 \u00e0 18 heures<br \/>\n<strong>Visite guid\u00e9e :<\/strong> sur demande<br \/>\n<strong>Transports en commun :<\/strong> M\u00e9tro ligne 6 arr\u00eat Checkpoint Charlie<br \/>\n<\/p><\/div>\n<\/div>\n<div id=\"social-media\">\n\t\t\t\t\t\t<span class=\"h3\">Partager<\/span>\n\t\t\t\t\t\t<ul>\n\t\t\t\t\t\t\t<li>\n\t\t\t\t\t\t\t\t<img src=\"https:\/\/www.walkberlin.com\/fr\/wp-content\/themes\/stylemag\/images\/social-media\/facebook_icon.png\" id=\"facebook\" class=\"socialbtn\" alt=\"\" \/>\n\t\t\t\t\t\t\t<\/li>\n\t\t\t\t\t\t\t<li>\n\t\t\t\t\t\t\t\t<img src=\"https:\/\/www.walkberlin.com\/fr\/wp-content\/themes\/stylemag\/images\/social-media\/twitter_icon.png\" id=\"twitter\" class=\"socialbtn\" alt=\"\" \/>\n\t\t\t\t\t\t\t<\/li>\n\t\t\t\t\t\t\t<li>\n\t\t\t\t\t\t\t\t<img src=\"https:\/\/www.walkberlin.com\/fr\/wp-content\/themes\/stylemag\/images\/social-media\/googleplus_icon.png\" id=\"googleplus\" class=\"socialbtn\" alt=\"\" \/>\n\t\t\t\t\t\t\t<\/li>\n\t\t\t\t\t\t\t<li>\n\t\t\t\t\t\t\t\t<img src=\"https:\/\/www.walkberlin.com\/fr\/wp-content\/themes\/stylemag\/images\/social-media\/pinterest_icon.png\" id=\"pinterest\" class=\"socialbtn\" alt=\"\" \/>\n\t\t\t\t\t\t\t<\/li>\n\t\t\t\t\t\t\t<li>\n\t\t\t\t\t\t\t\t<img src=\"https:\/\/www.walkberlin.com\/fr\/wp-content\/themes\/stylemag\/images\/social-media\/whatsapp_icon.png\" id=\"whatsapp\" class=\"socialbtn\" alt=\"\" \/>\n\t\t\t\t\t\t\t<\/li>\n\t\t\t\t\t\t\t<li>\n\t\t\t\t\t\t\t\t<img src=\"https:\/\/www.walkberlin.com\/fr\/wp-content\/themes\/stylemag\/images\/social-media\/email_icon.png\" id=\"email\" class=\"socialbtn\" alt=\"\" \/>\n\t\t\t\t\t\t\t<\/li>\n\t\t\t\t\t\t<\/ul>\n\t\t\t\t\t\t<\/div>\n\t\t\t\t\t\t\t<div class=\"widget-title-border\">\n\t\t\t\t\t\t<div class=\"widget-title-block\"><\/div>\n\t\t\t\t\t<\/div>","protected":false},"excerpt":{"rendered":"<p>Le mur au quotidien C&#8217;est le regard d&#8217;un artiste sur ce qui fut le symbole de la Guerre froide et surtout, le quotidien des Berlinois pendant 28 ans : le Mur de Berlin. Un quotidien entrav\u00e9 par le mur mais aussi marqu\u00e9 par la banalit\u00e9. Le ciel est gris, ce jour de novembre, et chacun<\/p>\n","protected":false},"author":2,"featured_media":1344,"comment_status":"closed","ping_status":"closed","sticky":false,"template":"","format":"standard","meta":[],"categories":[23,24],"tags":[33,13,25],"_links":{"self":[{"href":"https:\/\/www.walkberlin.com\/fr\/wp-json\/wp\/v2\/posts\/1310"}],"collection":[{"href":"https:\/\/www.walkberlin.com\/fr\/wp-json\/wp\/v2\/posts"}],"about":[{"href":"https:\/\/www.walkberlin.com\/fr\/wp-json\/wp\/v2\/types\/post"}],"author":[{"embeddable":true,"href":"https:\/\/www.walkberlin.com\/fr\/wp-json\/wp\/v2\/users\/2"}],"replies":[{"embeddable":true,"href":"https:\/\/www.walkberlin.com\/fr\/wp-json\/wp\/v2\/comments?post=1310"}],"version-history":[{"count":40,"href":"https:\/\/www.walkberlin.com\/fr\/wp-json\/wp\/v2\/posts\/1310\/revisions"}],"predecessor-version":[{"id":3176,"href":"https:\/\/www.walkberlin.com\/fr\/wp-json\/wp\/v2\/posts\/1310\/revisions\/3176"}],"wp:featuredmedia":[{"embeddable":true,"href":"https:\/\/www.walkberlin.com\/fr\/wp-json\/wp\/v2\/media\/1344"}],"wp:attachment":[{"href":"https:\/\/www.walkberlin.com\/fr\/wp-json\/wp\/v2\/media?parent=1310"}],"wp:term":[{"taxonomy":"category","embeddable":true,"href":"https:\/\/www.walkberlin.com\/fr\/wp-json\/wp\/v2\/categories?post=1310"},{"taxonomy":"post_tag","embeddable":true,"href":"https:\/\/www.walkberlin.com\/fr\/wp-json\/wp\/v2\/tags?post=1310"}],"curies":[{"name":"wp","href":"https:\/\/api.w.org\/{rel}","templated":true}]}}