{"id":1396,"date":"2014-08-12T15:40:07","date_gmt":"2014-08-12T13:40:07","guid":{"rendered":"https:\/\/www.walkberlin.com\/fr\/?p=1396"},"modified":"2021-07-25T13:36:24","modified_gmt":"2021-07-25T11:36:24","slug":"que-reste-t-il-de-la-rda","status":"publish","type":"post","link":"https:\/\/www.walkberlin.com\/fr\/que-reste-t-il-de-la-rda\/","title":{"rendered":"Que reste-t-il de la RDA ?"},"content":{"rendered":"<p><strong>25 ans apr\u00e8s la chute du mur, la question se pose. Depuis la r\u00e9unification, Berlin est \u00e0 nouveau capitale et boome. Que de superlatifs dans les ann\u00e9es 1990&nbsp;:&nbsp;le plus grand chantier interurbain en Europe, l&#8217;expression de l&#8217;architecture la plus moderne, haut-lieu de comm\u00e9moration des victimes du national-socialisme, Berlin a fait peau neuve. A premi\u00e8re vue, on serait tent\u00e9 d&#8217;ajouter&nbsp;:&nbsp;et table-rase de la division, du moins dans son paysage urbain. Que reste-t-il en effet des b\u00e2timents et sites historiques de Berlin-Est&nbsp;? Parce que cette question m&#8217;ait r\u00e9guli\u00e8rement pos\u00e9e lors des visites, voici quelques \u00e9l\u00e9ments de r\u00e9ponses.<\/strong> <\/p>\n<p><img loading=\"lazy\" width=\"640\" height=\"427\" src=\"https:\/\/www.walkberlin.com\/fr\/wp-content\/uploads\/sites\/3\/2014\/07\/berliner_mauer_bernauerstr.jpg\" alt=\"Berliner Mauer Bernauer Strasse\" class=\"alignnone size-full wp-image-1441\" srcset=\"https:\/\/www.walkberlin.com\/fr\/wp-content\/uploads\/sites\/3\/2014\/07\/berliner_mauer_bernauerstr.jpg 640w, https:\/\/www.walkberlin.com\/fr\/wp-content\/uploads\/sites\/3\/2014\/07\/berliner_mauer_bernauerstr-300x200.jpg 300w, https:\/\/www.walkberlin.com\/fr\/wp-content\/uploads\/sites\/3\/2014\/07\/berliner_mauer_bernauerstr-100x66.jpg 100w, https:\/\/www.walkberlin.com\/fr\/wp-content\/uploads\/sites\/3\/2014\/07\/berliner_mauer_bernauerstr-330x220.jpg 330w, https:\/\/www.walkberlin.com\/fr\/wp-content\/uploads\/sites\/3\/2014\/07\/berliner_mauer_bernauerstr-200x133.jpg 200w\" sizes=\"(max-width: 640px) 100vw, 640px\" \/><\/p>\n<h2>Le mur de Berlin<\/h2>\n<p>Le mur, incontestablement&nbsp;! Ce symbole de la division de l\u2019Allemagne devait pourtant rapidement dispara\u00eetre. Des 156 km qui s\u00e9paraient Berlin-Ouest de la RDA, il ne reste plus grand\u2019 chose. Chacun voulait avoir son morceau du mur apr\u00e8s ce soir du 9 novembre 1989 ! Les &#8220;Mauerspechte&#8221; ont ainsi commenc\u00e9 \u00e0 d\u00e9couper des morceaux du mur en souvenir. Puis, ce fut au tour des soldats de d\u00e9monter mur, grillages et postes-fronti\u00e8res qui formaient le no man\u2019s land, en 1990. <\/p>\n<p>Aujourd\u2019hui, de nombreux morceaux sont \u00e9parpill\u00e9s dans tout Berlin, expos\u00e9s par leur nouveau propri\u00e9taire (h\u00f4tels, mus\u00e9es&#8230;) Seuls quelques segments du mur se trouvent encore sur le trac\u00e9 original&nbsp;: <\/p>\n<p><strong>Le m\u00e9morial du mur de Berlin<\/strong> s&#8217;\u00e9tend le long de la Bernauer Stra\u00dfe, o\u00f9 le mur s\u00e9parait les arrondissements de Wedding et de Mitte. Un segement du mur, class\u00e9 monument historique, est prolong\u00e9 par une installation de tiges d&#8217;acier Corten sur 1,4 km. A d\u00e9couvrir sur le site historique du <a href=\"http:\/\/www.berliner-mauer-gedenkstaette.de\/fr\/index.html\" target=\"_blank\" rel=\"noopener\">m\u00e9morial du mur<\/a>&nbsp;:&nbsp;la gare de Nordbahnhof, les restes des \u00e9l\u00e9ments du no man&#8217;s land, une exposition en plein-air, la &#8220;fen\u00eatre du souvenir&#8221; avec les portraits des victimes, la chapelle de la r\u00e9concialiation, reconstruite et inaugur\u00e9e en 2000, le trac\u00e9 des tunnels et des plaques rappelant les autres \u00e9vasions. <\/p>\n<p>Depuis la plate-forme en haut du centre de documentation, on surplombe le site et le monument de Kohlhoff&#038;Kohlhoff au milieu&nbsp;:&nbsp;deux murs d\u2019acier enfermant un segment original de l&#8217;espace fronti\u00e8re de 70 m\u00e8tres de long avec un mirador. Le centre de documentation est actuellement ferm\u00e9 au public car une nouvelle exposition est en pr\u00e9paration pour les 25 ans de la chute du mur.<\/p>\n<p>Un segment du mur de 200 m\u00e8tres dans l\u2019actuelle Niederkirchnerstra\u00dfe s\u00e9parait les arrondissements de Mitte et de Kreuzberg et d\u00e9limite le site de la <strong>Topographie de la Terreur<\/strong> au Nord. Ce morceau du mur a aussi \u00e9t\u00e9 class\u00e9 monument historique \u00e0 la demande du centre de documentation. <\/p>\n<p>Sans aucun doute le segment du mur de Berlin le plus connu&nbsp;:&nbsp;<strong>la East Side Gallery<\/strong>. C\u2019est en 1990 que le projet artistique prit forme. 118 artistes, 21 pays, 106 dessins sur 1316 m\u00e8tres entre Friedrichshain et Kreuzberg, depuis longtemps entr\u00e9s dans l\u2019histoire. Aujourd\u2019hui, la <a href=\"http:\/\/www.eastsidegallery-berlin.de\/\" target=\"_blank\" rel=\"noopener\">East Side Gallery<\/a> est menac\u00e9e par un projet immobilier alors qu\u2019elle aussi est class\u00e9e monument historique.<\/p>\n<p><!--nextpage--><\/p>\n<h2>L&#8217;Alexanderplatz<\/h2>\n<p>Une des places historiques de Berlin, surnomm\u00e9e \u00ab l\u2019Alex\u2019 \u00bb par les Berlinois. Tour \u00e0 tour march\u00e9 aux bestiaux, champ de man\u0153uvre pour les militaires et depuis longtemps un des carrefours de la ville. La place re\u00e7ue ce nom en l\u2019honneur du Tsar de Russie Alexandre I lors de sa visite \u00e0 Berlin en 1805.<br \/>\n<strong>Alfred D\u00f6blin<\/strong> en fait le lieu de son roman \u00e9ponyme \u00ab Berlin Alexanderplatz \u00bb paru en 1929, o\u00f9 il d\u00e9crit le Berlin de l\u2019entre-deux guerres, le Berlin des petites gens et de la mont\u00e9e du NSDAP. <\/p>\n<p><img src=\"https:\/\/www.walkberlin.com\/fr\/wp-content\/uploads\/sites\/3\/2014\/08\/horloge_universelle_alex-660x410.jpg\" alt=\"Horloge universelle sur l&#039;Alexanderplatz\" class=\"alignnone size-medium wp-image-1523\" \/><\/p>\n<p>Aujourd\u2019hui, autour des h\u00f4tels, centres commerciaux et autres magasins construits apr\u00e8s la r\u00e9unification, l\u2019Alexanderplatz porte encore les marques de l\u2019architecture socialiste. La <strong>tour de t\u00e9l\u00e9vision<\/strong>, du haut de ses 368 m\u00e8tres, surplombe le centre-ville et propose une vue sur Berlin depuis le restaurant Sphere \u00e0 203 m\u00e8tres de hauteur. Inaugur\u00e9e le 3 octobre 1969 pour les 20 ans de la fondation de la RDA, la <a href=\"http:\/\/www.tv-turm.de\/fr\/index.php\" target=\"_blank\" rel=\"noopener\">tour de t\u00e9l\u00e9vision<\/a> est aujourd\u2019hui avec la Porte de Brandebourg, une des embl\u00e8mes de la ville.<\/p>\n<p>Point de rencontre des Berlinois et des chanteurs de rue, l&#8217;imposante horloge universelle tr\u00f4ne au centre de la place depuis 1969. Tout comme la tour de t\u00e9l\u00e9vision, elle fait partie des embl\u00e8mes de la ville. L&#8217;Alex peut changer, \u00eatre r\u00e9hauss\u00e9e de nouveaux immeubles ou magasins, travers\u00e9e par d&#8217;autres lignes de tramway &#8211; impossible d&#8217;imaginer la place sans elle. Elle fait d&#8217;ailleurs son apparition dans le film devenu culte sur la RDA : <a href=\"http:\/\/television.telerama.fr\/tele\/films\/good-bye-lenin,2190060.php\" target=\"_blank\" rel=\"noopener\">\u00ab Good bye, Lenin! \u00bb<\/a>. <\/p>\n<p>Autre b\u00e2timent caract\u00e9ristique de l&#8217;architecture socialiste&nbsp;:&nbsp;La <strong>Haus des Lehres, la Maison de l\u2019enseignant<\/strong>, un g\u00e9ant en b\u00e9ton, qui propose depuis des bureaux pour entreprises. Encore en \u00e9tat, la fresque de Walter Womacka qui ceinture le b\u00e2timent. La <strong>Haus der Statistik, Maison de la statistique<\/strong>, cet ensemble de trois b\u00e2timents non loin de la place, est aujourd\u2019hui vide, mais pas pour longtemps. Construit entre 1968 et 1970, le b\u00e2timent abritait les bureaux de l\u2019adminstration centrale de statistique jusqu&#8217;en 1989. Apr\u00e8s la r\u00e9unification, c\u2019est la nouvelle Administration f\u00e9d\u00e9rale de statistique et la Commission f\u00e9d\u00e9rale pour les dossiers des services de la s\u00e9curit\u00e9 de l\u2019\u00c9tat de l\u2019ancienne RDA (<em>Bundesbeauftragten f\u00fcr die Unterlagen des Staatsicherheitsdienstes der ehemaligen Deutschen Demokratischen Republik<\/em>), charg\u00e9e de traiter les dossiers du minist\u00e8re de la S\u00e9curit\u00e9 de l&#8217;\u00c9tat (StaSi), qui s\u2019y install\u00e8rent un temps &#8211; ironie de l&#8217;histoire.<\/p>\n<p><!--nextpage--><\/p>\n<h2>Marx-Engels-Forum<\/h2>\n<p><img loading=\"lazy\" width=\"1024\" height=\"765\" src=\"https:\/\/www.walkberlin.com\/fr\/wp-content\/uploads\/sites\/3\/2014\/07\/engelsforum.jpg\" alt=\"Marx Engels Forum, n\u00e4he Alexanderplatz\" class=\"alignnone size-full wp-image-1481\" srcset=\"https:\/\/www.walkberlin.com\/fr\/wp-content\/uploads\/sites\/3\/2014\/07\/engelsforum.jpg 1024w, https:\/\/www.walkberlin.com\/fr\/wp-content\/uploads\/sites\/3\/2014\/07\/engelsforum-267x200.jpg 267w, https:\/\/www.walkberlin.com\/fr\/wp-content\/uploads\/sites\/3\/2014\/07\/engelsforum-100x74.jpg 100w\" sizes=\"(max-width: 1024px) 100vw, 1024px\" \/><\/p>\n<p>Quand on se balade vers Unter den Linden depuis l&#8217;Alexanderplatz, on tombe sur ces imposantes statues : <strong>Karl Marx et Friedrich Engels<\/strong>, les penseurs du communisme, l&#8217;un assis, l&#8217;autre debout. Inaugur\u00e9e en 1986, les statues de Marx et Engels tr\u00f4naient alors sur la Marx-Engels-Platz, non loin de l&#8217;H\u00f4tel de ville et tournaient le dos au Palais de la R\u00e9publique, si\u00e8ge de la Volkskammer de la RDA. Le Palais de la R\u00e9publique n&#8217;est plus, mais les statues, elles, ont \u00e9t\u00e9 conserv\u00e9es, simplement d\u00e9plac\u00e9es pour la construction du prolongement de la ligne de m\u00e9tro U5 entre Bundestag et Alexanderplatz.   <\/p>\n<h2>Marx, Staline, Bersarin\u2026<\/h2>\n<p>Les statues de Karl Marx et Friedrich Engels ont \u00e9t\u00e9 pr\u00e9serv\u00e9es, juste d\u00e9plac\u00e9es, non loin de leur site d\u2019origine. Qu\u2019en est-il des autres ? L\u00e9nine, Staline ? Eux, par contre, ont bel et bien disparu du paysage urbain. <em>Persona non grata<\/em>, dont on reconna\u00eet l\u2019\u0153uvre tout en comptant les victimes, sacrifi\u00e9es pour. C\u2019est le cas de Joseph Staline, dont les statues et les rues portant son nom ont peu \u00e0 peu \u00e9t\u00e9 rebaptis\u00e9es en RDA d\u00e8s les ann\u00e9es 60, cons\u00e9quence directe de la \u00ab d\u00e9stalinisation \u00bb lanc\u00e9e par le nouveau secr\u00e9taire du Parti Communiste de l\u2019Union sovi\u00e9tique, Nikita Khrouchtchev, apr\u00e8s la mort du dictateur en 1953. La <strong>Stalinallee<\/strong>, fleuron de l\u2019architecture est-allemande, une des plus longues art\u00e8res de Berlin-Est, elle fut rebaptis\u00e9e Karl-Marx-Allee et Frankfurter-Allee en 1961. <\/p>\n<p>Jusqu\u2019en 1991, une immense <strong>statue de L\u00e9nine<\/strong>, leader de la R\u00e9volution d\u2019Octobre, dominait la Leninplatz \u00e0 Berlin Friedrichshain. Erig\u00e9e en 1970 \u00e0 l\u2019occasion du 100\u00e8me anniversaire de L\u00e9nine, elle connut le m\u00eame destin que bien d\u2019autres monuments des leaders du communisme en RDA<\/a>, monuments d\u2019une \u00e9poque r\u00e9volue. La Leninplatz pris le nom de Platz der Vereinten Nationen en 1992, une fontaine a remplac\u00e9 la statue.<\/p>\n<p><img loading=\"lazy\" width=\"1024\" height=\"683\" src=\"https:\/\/www.walkberlin.com\/fr\/wp-content\/uploads\/sites\/3\/2014\/07\/Bersarinplatz.jpg\" alt=\"Bersarinplatz, Berlin Friedrichshain\" class=\"alignnone size-full wp-image-1486\" srcset=\"https:\/\/www.walkberlin.com\/fr\/wp-content\/uploads\/sites\/3\/2014\/07\/Bersarinplatz.jpg 1024w, https:\/\/www.walkberlin.com\/fr\/wp-content\/uploads\/sites\/3\/2014\/07\/Bersarinplatz-300x200.jpg 300w, https:\/\/www.walkberlin.com\/fr\/wp-content\/uploads\/sites\/3\/2014\/07\/Bersarinplatz-100x66.jpg 100w, https:\/\/www.walkberlin.com\/fr\/wp-content\/uploads\/sites\/3\/2014\/07\/Bersarinplatz-330x220.jpg 330w, https:\/\/www.walkberlin.com\/fr\/wp-content\/uploads\/sites\/3\/2014\/07\/Bersarinplatz-200x133.jpg 200w\" sizes=\"(max-width: 1024px) 100vw, 1024px\" \/>Bersarinplatz, Berlin-Friedrichshain avec la <em>Geckohaus<\/em><\/p>\n<p>Personalit\u00e9 moins contestable du r\u00e9gime sovi\u00e9tique : le premier commandant de la ville de Berlin \u00e0 la fin de la Seconde guerre mondiale, <strong>Nikola\u00ef Bersarin<\/strong>. Apr\u00e8s la <a href=\"https:\/\/www.walkberlin.com\/fr\/le-musee-germano-russe-berlin-karlshorst\/\" title=\"Le mus\u00e9e germano-russe Berlin-Karlshorst\" target=\"_blank\" rel=\"noopener\">capitulation sans condition du 8 mai 1945<\/a>, Berlin est d&#8217;abord occup\u00e9e et administr\u00e9e par l&#8217;Arm\u00e9e Rouge. Avant la conf\u00e9rence de Potsdam \u00e0 l&#8217;\u00e9t\u00e9 1945, o\u00f9 tous les Alli\u00e9s prirent possession de leur secteur, c&#8217;est Bersarin qui g\u00e8re Berlin depuis la Kommandantur \u00e0 Friedrichsfelde. Il s&#8217;engage pour le r\u00e9tablissement de l&#8217;ordre dans Berlin en ruine, met en place une police municipale et fait r\u00e9tablir l&#8217;eau courante et le gaz. Un accident de moto lui co\u00fbte la vie le 16 juin 1945. Berlin-Est lui conf\u00e8re le titre de citoyen d&#8217;honneur en 1975, Berlin r\u00e9unifi\u00e9e confirme le titre en 1992. Depuis 1947, une place porte son nom \u00e0 Friedrichshain, au croisement de la Petersburger Stra\u00dfe &#8211; \u00e0 l&#8217;\u00e9poque Bersarinstra\u00dfe &#8211; et de la Rigaer Stra\u00dfe. <\/p>\n<div id=\"social-media\">\n\t\t\t\t\t\t<span class=\"h3\">Partager<\/span>\n\t\t\t\t\t\t<ul>\n\t\t\t\t\t\t\t<li>\n\t\t\t\t\t\t\t\t<img src=\"https:\/\/www.walkberlin.com\/fr\/wp-content\/themes\/stylemag\/images\/social-media\/facebook_icon.png\" id=\"facebook\" class=\"socialbtn\" alt=\"\" \/>\n\t\t\t\t\t\t\t<\/li>\n\t\t\t\t\t\t\t<li>\n\t\t\t\t\t\t\t\t<img src=\"https:\/\/www.walkberlin.com\/fr\/wp-content\/themes\/stylemag\/images\/social-media\/twitter_icon.png\" id=\"twitter\" class=\"socialbtn\" alt=\"\" \/>\n\t\t\t\t\t\t\t<\/li>\n\t\t\t\t\t\t\t<li>\n\t\t\t\t\t\t\t\t<img src=\"https:\/\/www.walkberlin.com\/fr\/wp-content\/themes\/stylemag\/images\/social-media\/googleplus_icon.png\" id=\"googleplus\" class=\"socialbtn\" alt=\"\" \/>\n\t\t\t\t\t\t\t<\/li>\n\t\t\t\t\t\t\t<li>\n\t\t\t\t\t\t\t\t<img src=\"https:\/\/www.walkberlin.com\/fr\/wp-content\/themes\/stylemag\/images\/social-media\/pinterest_icon.png\" id=\"pinterest\" class=\"socialbtn\" alt=\"\" \/>\n\t\t\t\t\t\t\t<\/li>\n\t\t\t\t\t\t\t<li>\n\t\t\t\t\t\t\t\t<img src=\"https:\/\/www.walkberlin.com\/fr\/wp-content\/themes\/stylemag\/images\/social-media\/whatsapp_icon.png\" id=\"whatsapp\" class=\"socialbtn\" alt=\"\" \/>\n\t\t\t\t\t\t\t<\/li>\n\t\t\t\t\t\t\t<li>\n\t\t\t\t\t\t\t\t<img src=\"https:\/\/www.walkberlin.com\/fr\/wp-content\/themes\/stylemag\/images\/social-media\/email_icon.png\" id=\"email\" class=\"socialbtn\" alt=\"\" \/>\n\t\t\t\t\t\t\t<\/li>\n\t\t\t\t\t\t<\/ul>\n\t\t\t\t\t\t<\/div>\n\t\t\t\t\t\t\t<div class=\"widget-title-border\">\n\t\t\t\t\t\t<div class=\"widget-title-block\"><\/div>\n\t\t\t\t\t<\/div>","protected":false},"excerpt":{"rendered":"<p>25 ans apr\u00e8s la chute du mur, la question se pose. Depuis la r\u00e9unification, Berlin est \u00e0 nouveau capitale et boome. Que de superlatifs dans les ann\u00e9es 1990&nbsp;:&nbsp;le plus grand chantier interurbain en Europe, l&#8217;expression de l&#8217;architecture la plus moderne, haut-lieu de comm\u00e9moration des victimes du national-socialisme, Berlin a fait peau neuve. A premi\u00e8re vue,<\/p>\n","protected":false},"author":2,"featured_media":1441,"comment_status":"closed","ping_status":"closed","sticky":false,"template":"","format":"standard","meta":[],"categories":[1,23],"tags":[7,14,13],"_links":{"self":[{"href":"https:\/\/www.walkberlin.com\/fr\/wp-json\/wp\/v2\/posts\/1396"}],"collection":[{"href":"https:\/\/www.walkberlin.com\/fr\/wp-json\/wp\/v2\/posts"}],"about":[{"href":"https:\/\/www.walkberlin.com\/fr\/wp-json\/wp\/v2\/types\/post"}],"author":[{"embeddable":true,"href":"https:\/\/www.walkberlin.com\/fr\/wp-json\/wp\/v2\/users\/2"}],"replies":[{"embeddable":true,"href":"https:\/\/www.walkberlin.com\/fr\/wp-json\/wp\/v2\/comments?post=1396"}],"version-history":[{"count":68,"href":"https:\/\/www.walkberlin.com\/fr\/wp-json\/wp\/v2\/posts\/1396\/revisions"}],"predecessor-version":[{"id":3172,"href":"https:\/\/www.walkberlin.com\/fr\/wp-json\/wp\/v2\/posts\/1396\/revisions\/3172"}],"wp:featuredmedia":[{"embeddable":true,"href":"https:\/\/www.walkberlin.com\/fr\/wp-json\/wp\/v2\/media\/1441"}],"wp:attachment":[{"href":"https:\/\/www.walkberlin.com\/fr\/wp-json\/wp\/v2\/media?parent=1396"}],"wp:term":[{"taxonomy":"category","embeddable":true,"href":"https:\/\/www.walkberlin.com\/fr\/wp-json\/wp\/v2\/categories?post=1396"},{"taxonomy":"post_tag","embeddable":true,"href":"https:\/\/www.walkberlin.com\/fr\/wp-json\/wp\/v2\/tags?post=1396"}],"curies":[{"name":"wp","href":"https:\/\/api.w.org\/{rel}","templated":true}]}}