{"id":1475,"date":"2014-08-10T19:47:34","date_gmt":"2014-08-10T17:47:34","guid":{"rendered":"https:\/\/www.walkberlin.com\/fr\/?p=1475"},"modified":"2021-07-25T13:36:48","modified_gmt":"2021-07-25T11:36:48","slug":"le-berghain-a-10-ans","status":"publish","type":"post","link":"https:\/\/www.walkberlin.com\/fr\/le-berghain-a-10-ans\/","title":{"rendered":"Le Berghain a 10 ans"},"content":{"rendered":"<p><strong>Mythique.<\/strong> Le temple de la techno berlinoise, lieu de rencontre des DJs et des fans de musique techno du monde entier, connu pour son videur tatillon, le <a href=\"http:\/\/www.berghain.de\/\" target=\"_blank\" rel=\"noopener\">Berghain<\/a> f\u00eate ses 10 ans. Pour l\u2019occasion, une exposition d\u2019artistes proches du club est pr\u00e9sent\u00e9e dans la Halle jusqu\u2019\u00e0 fin ao\u00fbt. <strong>A voir<\/strong>.<\/p>\n<p><img src=\"https:\/\/www.walkberlin.com\/fr\/wp-content\/uploads\/sites\/3\/2014\/08\/berghain-660x440.jpg\" alt=\"Berghain, Club Diskothek in Berlin-Friedrichshain\" class=\"alignnone size-medium wp-image-1518\" \/><\/p>\n<h2>Plus qu\u2019un club<\/h2>\n<p>Club, art et musique, voil\u00e0 ce qui fait le Berghain. Depuis 10 ans, on y danse \u2013 du vendredi minuit dans le Panorama Bar, du samedi minuit et parfois jusqu\u2019au lundi matin, sur la piste du Berghain. Connu pour \u00eatre le club des adeptes de musique techno \u00e0 Berlin, le club est bien plus \u00e9clectique. Nouvelle musique, ballet, dance et expositions sont aussi au programme.<\/p>\n<p>Pour ses 10 ans, le Berghain pr\u00e9sente l\u2019exposition \u00ab 10 \u00bb, organis\u00e9e par <a href=\"http:\/\/www.bethanien.de\/team\/christoph-tannert\/\" target=\"_blank\" rel=\"noopener\">Christoph Tannert<\/a> du Bethanien, dans la partie de l\u2019ex-centrale thermique habituellement ferm\u00e9e au public. Une mani\u00e8re pour le club de rendre hommage aux artistes qui travaillent avec le club depuis des ann\u00e9es. Parmi les \u0153uvres pr\u00e9sent\u00e9es, celles du photographe et videur du club : <a href=\"http:\/\/www.marquardtfotografie.com\/\" target=\"_blank\" rel=\"noopener\">Sven Marquardt<\/a>, devenu culte. Les projets artistiques sont tous en rapport avec le lieu et ce qui fait le lieu, une interpr\u00e9tation artistique du clubbing, du ph\u00e9nom\u00e8ne de masse, du rapport au corps et de l&#8217;architecture, brute.<\/p>\n<h2>L\u2019architecture Berghain<\/h2>\n<p>Au commencement \u00e9tait <strong>la centrale thermique<\/strong>. Construite en 1953, conforme au style de l\u2019\u00e9poque, le classicisme stalinien, la centrale d\u00e9saffect\u00e9e a \u00e9t\u00e9 nettoy\u00e9e et r\u00e9nov\u00e9e pour l\u2019ouverture du club en 2004. Vu de l\u2019ext\u00e9rieur, elle en impose. Une fois \u00e0 l\u2019int\u00e9rieur aussi. Une fois pass\u00e9 Sven, on entre. Vestiaires, darkroom, bar. Les 4 niveaux sont reli\u00e9s par un imposant escalier en acier qui m\u00e8ne vers le club, au plafond de douze m\u00e8tres de hauteur, les darkrooms, les toilettes unisexe et le Panorama Bar. <\/p>\n<p><strong>Photographier et filmer l\u2019int\u00e9rieur du b\u00e2timent est interdit<\/strong> &#8211; pour ne pas d\u00e9voiler l\u2019ambiance particuli\u00e8re qui fait le club, pour entretenir le myst\u00e8re et parce que ce qui se passe au Berghain reste au Berghain. La photographe <a href=\"http:\/\/www.vonrauch.com\/\" target=\"_blank\" rel=\"noopener\">Friederike von Rauch<\/a> saisit dans ses photos pr\u00e9sent\u00e9es dans l\u2019exposition des d\u00e9tails de cette architecture jusqu\u2019\u00e0 la rendre abstraite. Une raison de plus de rentrer voir l\u2019exposition, sans craindre le videur. <\/p>\n<div id=\"tabs-halle-am-berghain\">\n<div class=\"msg default clearfix\"><p>\n<strong>Adresse :<\/strong> R\u00fcdersdorfer Str. 70, 10243 Berlin-Friedrichshain<br \/>\n<strong>Internet :<\/strong> <a href=\"http:\/\/www.berghain.de\/\" target=\"_blank\" rel=\"noopener\">www.berghain.de<\/a><br \/>\n<strong>Entr\u00e9e :<\/strong> Entr\u00e9e : 5\u20ac.<br \/>\n<strong>Horaires d&#8217;ouverture :<\/strong> Du mardi au dimanche, 16 &#8211; 23 heures jusqu&#8217;au 31.08.<br \/>\n<strong>Transports en commun :<\/strong><br \/>\n<div class=\"one-third\">Bus :<\/div>\n<div class=\"two-thirds last-col\">\nMarchlewskistr. (Berlin): 240, N40<br \/>\nFranz-Mehring-Platz (Berlin): 240, 347, N40<br \/>\nOstbahnhof\/Erich-Steinfurth-Str. (Berlin) (S): 240, 347, N40<br \/>\nGubener Str. (Berlin): 347<br \/>\nHelsingforser Platz (Berlin): 347, N1<br \/>\n<\/div>\n<\/p><\/div>\n<\/div>\n<div id=\"social-media\">\n\t\t\t\t\t\t<span class=\"h3\">Partager<\/span>\n\t\t\t\t\t\t<ul>\n\t\t\t\t\t\t\t<li>\n\t\t\t\t\t\t\t\t<img src=\"https:\/\/www.walkberlin.com\/fr\/wp-content\/themes\/stylemag\/images\/social-media\/facebook_icon.png\" id=\"facebook\" class=\"socialbtn\" alt=\"\" \/>\n\t\t\t\t\t\t\t<\/li>\n\t\t\t\t\t\t\t<li>\n\t\t\t\t\t\t\t\t<img src=\"https:\/\/www.walkberlin.com\/fr\/wp-content\/themes\/stylemag\/images\/social-media\/twitter_icon.png\" id=\"twitter\" class=\"socialbtn\" alt=\"\" \/>\n\t\t\t\t\t\t\t<\/li>\n\t\t\t\t\t\t\t<li>\n\t\t\t\t\t\t\t\t<img src=\"https:\/\/www.walkberlin.com\/fr\/wp-content\/themes\/stylemag\/images\/social-media\/googleplus_icon.png\" id=\"googleplus\" class=\"socialbtn\" alt=\"\" \/>\n\t\t\t\t\t\t\t<\/li>\n\t\t\t\t\t\t\t<li>\n\t\t\t\t\t\t\t\t<img src=\"https:\/\/www.walkberlin.com\/fr\/wp-content\/themes\/stylemag\/images\/social-media\/pinterest_icon.png\" id=\"pinterest\" class=\"socialbtn\" alt=\"\" \/>\n\t\t\t\t\t\t\t<\/li>\n\t\t\t\t\t\t\t<li>\n\t\t\t\t\t\t\t\t<img src=\"https:\/\/www.walkberlin.com\/fr\/wp-content\/themes\/stylemag\/images\/social-media\/whatsapp_icon.png\" id=\"whatsapp\" class=\"socialbtn\" alt=\"\" \/>\n\t\t\t\t\t\t\t<\/li>\n\t\t\t\t\t\t\t<li>\n\t\t\t\t\t\t\t\t<img src=\"https:\/\/www.walkberlin.com\/fr\/wp-content\/themes\/stylemag\/images\/social-media\/email_icon.png\" id=\"email\" class=\"socialbtn\" alt=\"\" \/>\n\t\t\t\t\t\t\t<\/li>\n\t\t\t\t\t\t<\/ul>\n\t\t\t\t\t\t<\/div>\n\t\t\t\t\t\t\t<div class=\"widget-title-border\">\n\t\t\t\t\t\t<div class=\"widget-title-block\"><\/div>\n\t\t\t\t\t<\/div>","protected":false},"excerpt":{"rendered":"<p>Mythique. Le temple de la techno berlinoise, lieu de rencontre des DJs et des fans de musique techno du monde entier, connu pour son videur tatillon, le Berghain f\u00eate ses 10 ans. Pour l\u2019occasion, une exposition d\u2019artistes proches du club est pr\u00e9sent\u00e9e dans la Halle jusqu\u2019\u00e0 fin ao\u00fbt. A voir. Plus qu\u2019un club Club, art<\/p>\n","protected":false},"author":2,"featured_media":1518,"comment_status":"closed","ping_status":"closed","sticky":false,"template":"","format":"standard","meta":[],"categories":[1,20],"tags":[33,7],"_links":{"self":[{"href":"https:\/\/www.walkberlin.com\/fr\/wp-json\/wp\/v2\/posts\/1475"}],"collection":[{"href":"https:\/\/www.walkberlin.com\/fr\/wp-json\/wp\/v2\/posts"}],"about":[{"href":"https:\/\/www.walkberlin.com\/fr\/wp-json\/wp\/v2\/types\/post"}],"author":[{"embeddable":true,"href":"https:\/\/www.walkberlin.com\/fr\/wp-json\/wp\/v2\/users\/2"}],"replies":[{"embeddable":true,"href":"https:\/\/www.walkberlin.com\/fr\/wp-json\/wp\/v2\/comments?post=1475"}],"version-history":[{"count":26,"href":"https:\/\/www.walkberlin.com\/fr\/wp-json\/wp\/v2\/posts\/1475\/revisions"}],"predecessor-version":[{"id":3173,"href":"https:\/\/www.walkberlin.com\/fr\/wp-json\/wp\/v2\/posts\/1475\/revisions\/3173"}],"wp:featuredmedia":[{"embeddable":true,"href":"https:\/\/www.walkberlin.com\/fr\/wp-json\/wp\/v2\/media\/1518"}],"wp:attachment":[{"href":"https:\/\/www.walkberlin.com\/fr\/wp-json\/wp\/v2\/media?parent=1475"}],"wp:term":[{"taxonomy":"category","embeddable":true,"href":"https:\/\/www.walkberlin.com\/fr\/wp-json\/wp\/v2\/categories?post=1475"},{"taxonomy":"post_tag","embeddable":true,"href":"https:\/\/www.walkberlin.com\/fr\/wp-json\/wp\/v2\/tags?post=1475"}],"curies":[{"name":"wp","href":"https:\/\/api.w.org\/{rel}","templated":true}]}}