{"id":1662,"date":"2014-09-25T23:15:52","date_gmt":"2014-09-25T21:15:52","guid":{"rendered":"https:\/\/www.walkberlin.com\/fr\/?p=1662"},"modified":"2021-07-25T13:35:00","modified_gmt":"2021-07-25T11:35:00","slug":"le-centre-francais-de-berlin","status":"publish","type":"post","link":"https:\/\/www.walkberlin.com\/fr\/le-centre-francais-de-berlin\/","title":{"rendered":"Le Centre Fran\u00e7ais de Berlin"},"content":{"rendered":"<p><img loading=\"lazy\" width=\"320\" height=\"480\" src=\"https:\/\/www.walkberlin.com\/fr\/wp-content\/uploads\/sites\/3\/2014\/09\/CFB1.jpg\" alt=\"Centre Francais de Berlin\" class=\"alignleft size-full wp-image-1677\" srcset=\"https:\/\/www.walkberlin.com\/fr\/wp-content\/uploads\/sites\/3\/2014\/09\/CFB1.jpg 320w, https:\/\/www.walkberlin.com\/fr\/wp-content\/uploads\/sites\/3\/2014\/09\/CFB1-133x200.jpg 133w, https:\/\/www.walkberlin.com\/fr\/wp-content\/uploads\/sites\/3\/2014\/09\/CFB1-66x100.jpg 66w\" sizes=\"(max-width: 320px) 100vw, 320px\" \/> C&#8217;est par la culture que les <strong>Forces Fran\u00e7aises Alli\u00e9es<\/strong> ont essay\u00e9 d&#8217;entrer en contact avec la population berlinoise dans leur secteur <strong>Reinickendorf &#8211; Wedding<\/strong>. Les fondements de la politique d&#8217;occupation alli\u00e9e ont \u00e9t\u00e9 d\u00e9finis \u00e0 l&#8217;\u00e9t\u00e9 1945 lors de la <a href=\"https:\/\/www.walkberlin.com\/fr\/la-construction-du-mur-de-berlin\/\" title=\"La construction du Mur de Berlin \u2013 comment tout a commenc\u00e9\" target=\"_blank\" rel=\"noopener\">conf\u00e9rence de Potsdam &#8211; par Truman, Staline et Attlee<\/a> : D\u00e9nazification, d\u00e9militarisation, d\u00e9centralisation et d\u00e9mocratisation. Les Fran\u00e7ais rajouteront la culture &#8211; comme d\u00e9monstration de force d&#8217;abord, puis comme moyen de communication. <\/p>\n<p>Fond\u00e9 en 1961, le premier <strong>Centre Culturel Fran\u00e7ais au num\u00e9ro 74 de la M\u00fcllerstra\u00dfe<\/strong> a \u00e9t\u00e9 une des premi\u00e8res \u00e9tapes de la politique de rapprochement franco-allemand \u00e0 Berlin. Suite \u00e0 la chute du mur de Berlin en 1989 et \u00e0 la r\u00e9unification des deux Allemagnes en 1990, les soldats se sont retir\u00e9s, laissant un h\u00e9ritage encore visible aujourd&#8217;hui. L\u2019ensemble des b\u00e2timents du <a href=\"http:\/\/centre-francais.de\/\" target=\"_blank\" rel=\"noopener\">Centre Fran\u00e7ais de Berlin<\/a> est depuis propri\u00e9t\u00e9 de la R\u00e9publique F\u00e9d\u00e9rale d\u2019Allemagne &#8211; et plus que jamais actif.<\/p>\n<div style=\"clear:both\">\n<h2>La politique culturelle fran\u00e7aise<\/h2>\n<p>A la place d&#8217;un b\u00e2timent pour l&#8217;administration fran\u00e7aise, c&#8217;est le <strong>Centre Culturel de Wedding<\/strong>, un centre d&#8217;\u00e9change franco-allemand, port\u00e9 par l&#8217;officier de liaison, Dr. Charles Corcelle, qui ouvrit en 1961. La dure p\u00e9riode de l&#8217;imm\u00e9diat apr\u00e8s-guerre est alors loin, le pont a\u00e9rien en 1948 et la construction de <strong>l&#8217;a\u00e9roport de Tegel<\/strong> ont soud\u00e9 les liens entre Fran\u00e7ais et Berlinois. <\/p>\n<p>Un b\u00e2timent \u00e0 6 \u00e9tages, avec un h\u00f4tel, un cin\u00e9ma-th\u00e9\u00e2tre de 230 places, une biblioth\u00e8que abritant 20.000 ouvrages, 3 salles de conf\u00e9rence aux plafonds sculpt\u00e9s, le tout au milieu d&#8217;un vaste espace vert, voil\u00e0 le Centre Culturel de Wedding en 1961. De nombreuses activit\u00e9s culturelles \u00e9taient propos\u00e9es, l&#8217;offre \u00e9tait vari\u00e9e, destin\u00e9e \u00e0 tous : des cours de langue, des conf\u00e9rences, diverses expositions et m\u00eame des cours de cuisine fran\u00e7aise. Une salle d&#8217;exposition &#8211; o\u00f9 se trouve la Brasserie aujourd&#8217;hui &#8211; \u00e9tait propos\u00e9e aux artistes fran\u00e7ais pour pr\u00e9senter leurs oeuvres. Le cin\u00e9ma pr\u00e9sentait films fran\u00e7ais et allemands, en fran\u00e7ais et en allemand.<\/p>\n<h2>Au coeur des relations franco-allemandes \u00e0 Berlin<\/h2>\n<p><strong>Une institution franco-allemande.<\/strong> Apr\u00e8s le d\u00e9part des Alli\u00e9s en 1994, les gouvernements de la R\u00e9publique Fran\u00e7aise et de la R\u00e9publique F\u00e9d\u00e9rale d\u2019Allemagne se sont mis d&#8217;accord pour maintenir l\u2019activit\u00e9 du Centre Fran\u00e7ais de Berlin, un lieu de l\u2019amiti\u00e9 franco-allemande. Il est aujourd&#8217;hui g\u00e9r\u00e9 par deux fondations : le CEI (Centre d\u2019Echanges Internationaux) \u00e0 Paris et la SPI (Stiftung Sozialp\u00e4dagogisches Institut Berlin) au CFB.<\/p>\n<p><img loading=\"lazy\" width=\"320\" height=\"214\" src=\"https:\/\/www.walkberlin.com\/fr\/wp-content\/uploads\/sites\/3\/2014\/09\/hoteldefrance.jpg\" alt=\"Hotel de France, Centre Francais de Berlin\" class=\"alignleft size-full wp-image-1699\" srcset=\"https:\/\/www.walkberlin.com\/fr\/wp-content\/uploads\/sites\/3\/2014\/09\/hoteldefrance.jpg 320w, https:\/\/www.walkberlin.com\/fr\/wp-content\/uploads\/sites\/3\/2014\/09\/hoteldefrance-300x200.jpg 300w, https:\/\/www.walkberlin.com\/fr\/wp-content\/uploads\/sites\/3\/2014\/09\/hoteldefrance-100x66.jpg 100w, https:\/\/www.walkberlin.com\/fr\/wp-content\/uploads\/sites\/3\/2014\/09\/hoteldefrance-200x133.jpg 200w\" sizes=\"(max-width: 320px) 100vw, 320px\" \/><\/p>\n<p><strong>Tandem Paris-Berlin.<\/strong> Depuis 1996, le nouveau CFB est \u00e0 nouveau un lieu d&#8217;\u00e9change franco-allemand. Pour les scolaires, gr\u00e2ce au <a href=\"https:\/\/centre-francais.de\/programme-voltaire\/\" rel=\"noopener\" target=\"_blank\">programme &#8220;Voltaire&#8221;<\/a> soutenu par l&#8217;<a href=\"http:\/\/www.ofaj.org\/\" target=\"_blank\" rel=\"noopener\">OFAJ<\/a>. Le CFB aide les \u00e9l\u00e8ves de troisi\u00e8me et de seconde \u00e0 aller passer 6 mois dans le pays voisin, s&#8217;engageant en retour \u00e0 continuer l&#8217;exp\u00e9rience en accueillant ensuite leur correspondant. Pour les jeunes et professionnels avec Tandem, un programme destin\u00e9 aux jeunes souhaitant participer \u00e0 un projet d&#8217;\u00e9change socioculturel et n&#8217;en ayant pas forc\u00e9ment la possibilit\u00e9. Des rencontres autour de la musique, du th\u00e9\u00e2tre, de la danse pour aborder les th\u00e8mes de l&#8217;orientation, de l&#8217;int\u00e9gration, de l&#8217;\u00e9galit\u00e9 des chances et de la mobilit\u00e9 professionnelle &#8211; \u00e0 l&#8217;encontre des clich\u00e9s. Un sujet pris au s\u00e9rieux : le CFB propose aussi un accompagnement individuel aux jeunes de 18 \u00e0 30 ans voulant r\u00e9aliser un projet \u00e0 l&#8217;\u00e9tranger. <\/p>\n<p><strong>H\u00f4tel, restaurant et cin\u00e9ma.<\/strong> Le CFB h\u00e9berge \u00e9galement l&#8217;H\u00f4tel de France, la Brasserie de France et le cin\u00e9ma CityKino. La <a href=\"https:\/\/centre-francais.de\/spectacle-et-residences-artistiques\/\" rel=\"noopener\" target=\"_blank\">salle de cin\u00e9ma-th\u00e9\u00e2tre<\/a> ainsi que les salles de conf\u00e9rence, ces salles historiques, r\u00e9nov\u00e9es et modernis\u00e9es, peuvent \u00eatre lou\u00e9es.<\/p>\n<div id=\"tabs-centre-francais-de-berlin\">\n<div class=\"msg default clearfix\"><p>\n<strong>Adresse :<\/strong> M\u00fcllerstrasse 74, 13349 Berlin<br \/>\n<strong>Internet :<\/strong> <a href=\"https:\/\/centre-francais.de\/\" rel=\"noopener\" target=\"_blank\">Centre Fran\u00e7ais de Berlin<\/a><br \/>\n<strong>Contact : <\/strong> info@centre-francais.de<br \/>\n<strong>Transports en commun :<\/strong><br \/>\n<div class=\"one-third\">U-Bahn :<\/div>\n<div class=\"two-thirds last-col\">U Rehberge : U6<br \/>\nU Afrikanische Str. : U6<br \/>\n<\/div>\n&nbsp;<br \/>\n<div class=\"one-third\">Bus :<\/div>\n<div class=\"two-thirds last-col\">Nachtigalplatz : 221<br \/>\nU Afrikanische Str. : 221, N6<br \/>\n<\/div>\n<\/p><\/div>\n<\/div>\n<div id=\"social-media\">\n\t\t\t\t\t\t<span class=\"h3\">Partager<\/span>\n\t\t\t\t\t\t<ul>\n\t\t\t\t\t\t\t<li>\n\t\t\t\t\t\t\t\t<img src=\"https:\/\/www.walkberlin.com\/fr\/wp-content\/themes\/stylemag\/images\/social-media\/facebook_icon.png\" id=\"facebook\" class=\"socialbtn\" alt=\"\" \/>\n\t\t\t\t\t\t\t<\/li>\n\t\t\t\t\t\t\t<li>\n\t\t\t\t\t\t\t\t<img src=\"https:\/\/www.walkberlin.com\/fr\/wp-content\/themes\/stylemag\/images\/social-media\/twitter_icon.png\" id=\"twitter\" class=\"socialbtn\" alt=\"\" \/>\n\t\t\t\t\t\t\t<\/li>\n\t\t\t\t\t\t\t<li>\n\t\t\t\t\t\t\t\t<img src=\"https:\/\/www.walkberlin.com\/fr\/wp-content\/themes\/stylemag\/images\/social-media\/googleplus_icon.png\" id=\"googleplus\" class=\"socialbtn\" alt=\"\" \/>\n\t\t\t\t\t\t\t<\/li>\n\t\t\t\t\t\t\t<li>\n\t\t\t\t\t\t\t\t<img src=\"https:\/\/www.walkberlin.com\/fr\/wp-content\/themes\/stylemag\/images\/social-media\/pinterest_icon.png\" id=\"pinterest\" class=\"socialbtn\" alt=\"\" \/>\n\t\t\t\t\t\t\t<\/li>\n\t\t\t\t\t\t\t<li>\n\t\t\t\t\t\t\t\t<img src=\"https:\/\/www.walkberlin.com\/fr\/wp-content\/themes\/stylemag\/images\/social-media\/whatsapp_icon.png\" id=\"whatsapp\" class=\"socialbtn\" alt=\"\" \/>\n\t\t\t\t\t\t\t<\/li>\n\t\t\t\t\t\t\t<li>\n\t\t\t\t\t\t\t\t<img src=\"https:\/\/www.walkberlin.com\/fr\/wp-content\/themes\/stylemag\/images\/social-media\/email_icon.png\" id=\"email\" class=\"socialbtn\" alt=\"\" \/>\n\t\t\t\t\t\t\t<\/li>\n\t\t\t\t\t\t<\/ul>\n\t\t\t\t\t\t<\/div>\n\t\t\t\t\t\t\t<div class=\"widget-title-border\">\n\t\t\t\t\t\t<div class=\"widget-title-block\"><\/div>\n\t\t\t\t\t<\/div>","protected":false},"excerpt":{"rendered":"<p>C&#8217;est par la culture que les Forces Fran\u00e7aises Alli\u00e9es ont essay\u00e9 d&#8217;entrer en contact avec la population berlinoise dans leur secteur Reinickendorf &#8211; Wedding. Les fondements de la politique d&#8217;occupation alli\u00e9e ont \u00e9t\u00e9 d\u00e9finis \u00e0 l&#8217;\u00e9t\u00e9 1945 lors de la conf\u00e9rence de Potsdam &#8211; par Truman, Staline et Attlee : D\u00e9nazification, d\u00e9militarisation, d\u00e9centralisation et d\u00e9mocratisation.<\/p>\n","protected":false},"author":2,"featured_media":1677,"comment_status":"closed","ping_status":"closed","sticky":false,"template":"","format":"standard","meta":[],"categories":[32,1],"tags":[34,29],"_links":{"self":[{"href":"https:\/\/www.walkberlin.com\/fr\/wp-json\/wp\/v2\/posts\/1662"}],"collection":[{"href":"https:\/\/www.walkberlin.com\/fr\/wp-json\/wp\/v2\/posts"}],"about":[{"href":"https:\/\/www.walkberlin.com\/fr\/wp-json\/wp\/v2\/types\/post"}],"author":[{"embeddable":true,"href":"https:\/\/www.walkberlin.com\/fr\/wp-json\/wp\/v2\/users\/2"}],"replies":[{"embeddable":true,"href":"https:\/\/www.walkberlin.com\/fr\/wp-json\/wp\/v2\/comments?post=1662"}],"version-history":[{"count":39,"href":"https:\/\/www.walkberlin.com\/fr\/wp-json\/wp\/v2\/posts\/1662\/revisions"}],"predecessor-version":[{"id":3169,"href":"https:\/\/www.walkberlin.com\/fr\/wp-json\/wp\/v2\/posts\/1662\/revisions\/3169"}],"wp:featuredmedia":[{"embeddable":true,"href":"https:\/\/www.walkberlin.com\/fr\/wp-json\/wp\/v2\/media\/1677"}],"wp:attachment":[{"href":"https:\/\/www.walkberlin.com\/fr\/wp-json\/wp\/v2\/media?parent=1662"}],"wp:term":[{"taxonomy":"category","embeddable":true,"href":"https:\/\/www.walkberlin.com\/fr\/wp-json\/wp\/v2\/categories?post=1662"},{"taxonomy":"post_tag","embeddable":true,"href":"https:\/\/www.walkberlin.com\/fr\/wp-json\/wp\/v2\/tags?post=1662"}],"curies":[{"name":"wp","href":"https:\/\/api.w.org\/{rel}","templated":true}]}}