{"id":1752,"date":"2014-11-10T00:43:54","date_gmt":"2014-11-09T22:43:54","guid":{"rendered":"https:\/\/www.walkberlin.com\/fr\/?p=1752"},"modified":"2021-07-25T13:31:35","modified_gmt":"2021-07-25T11:31:35","slug":"berlin-fete-les-25-ans-de-la-chute-du-mur","status":"publish","type":"post","link":"https:\/\/www.walkberlin.com\/fr\/berlin-fete-les-25-ans-de-la-chute-du-mur\/","title":{"rendered":"Berlin f\u00eate les 25 ans de la chute du Mur"},"content":{"rendered":"<p><strong>Ce 9 novembre 2014, Berlin a f\u00eat\u00e9 les 25 ans de la chute du mur. En attendant l&#8217;article sur le 9 novembre 1989, voici quelques photos et impressions de la f\u00eate du jour. Des ballons, leurs parrains, la foule le long de la &#8220;fronti\u00e8re lumineuse&#8221;, les blocs bleus pr\u00e9sentant 100 histoires du mur, la East Side Gallery et les ballons dans le ciel&#8230;<\/strong> <\/p>\n<p>Photos d&#8217;une marche dans Berlin, de l&#8217;Alexanderplatz \u00e0 la Porte de Brandebourg, de la Potsdamer Platz \u00e0 Checkpoint Charlie, de la Zimmerstra\u00dfe \u00e0 Engelbecken, de la Michaelkirche \u00e0 la East Side Gallery.<\/p>\n<ul class=\"photo-gallery clearfix\"><li><a href=\"https:\/\/www.walkberlin.com\/fr\/wp-content\/uploads\/sites\/3\/2014\/11\/IMG_3597.jpg\" rel=\"prettyPhoto[gallery-1752]\" title=\"25 ans chute du mur de Berlin\"><img src=\"https:\/\/www.walkberlin.com\/fr\/wp-content\/uploads\/sites\/3\/2014\/11\/IMG_3597-500x500.jpg\" alt=\"\" \/><\/a><\/li><li><a href=\"https:\/\/www.walkberlin.com\/fr\/wp-content\/uploads\/sites\/3\/2014\/11\/IMG_3598.jpg\" rel=\"prettyPhoto[gallery-1752]\" title=\"25 ans chute du mur de Berlin\"><img src=\"https:\/\/www.walkberlin.com\/fr\/wp-content\/uploads\/sites\/3\/2014\/11\/IMG_3598-500x500.jpg\" alt=\"\" \/><\/a><\/li><li><a href=\"https:\/\/www.walkberlin.com\/fr\/wp-content\/uploads\/sites\/3\/2014\/11\/IMG_3602.jpg\" rel=\"prettyPhoto[gallery-1752]\" title=\"25 ans chute du mur de Berlin\"><img src=\"https:\/\/www.walkberlin.com\/fr\/wp-content\/uploads\/sites\/3\/2014\/11\/IMG_3602-500x500.jpg\" alt=\"\" \/><\/a><\/li><li><a href=\"https:\/\/www.walkberlin.com\/fr\/wp-content\/uploads\/sites\/3\/2014\/11\/IMG_3615.jpg\" rel=\"prettyPhoto[gallery-1752]\" title=\"25 ans chute du mur de Berlin\"><img src=\"https:\/\/www.walkberlin.com\/fr\/wp-content\/uploads\/sites\/3\/2014\/11\/IMG_3615-500x500.jpg\" alt=\"\" \/><\/a><\/li><li><a href=\"https:\/\/www.walkberlin.com\/fr\/wp-content\/uploads\/sites\/3\/2014\/11\/IMG_3620.jpg\" rel=\"prettyPhoto[gallery-1752]\" title=\"25 ans chute du mur de Berlin\"><img src=\"https:\/\/www.walkberlin.com\/fr\/wp-content\/uploads\/sites\/3\/2014\/11\/IMG_3620-499x500.jpg\" alt=\"\" \/><\/a><\/li><li><a href=\"https:\/\/www.walkberlin.com\/fr\/wp-content\/uploads\/sites\/3\/2014\/11\/IMG_3622.jpg\" rel=\"prettyPhoto[gallery-1752]\" title=\"25 ans chute du mur de Berlin\"><img src=\"https:\/\/www.walkberlin.com\/fr\/wp-content\/uploads\/sites\/3\/2014\/11\/IMG_3622-500x500.jpg\" alt=\"\" \/><\/a><\/li><li><a href=\"https:\/\/www.walkberlin.com\/fr\/wp-content\/uploads\/sites\/3\/2014\/11\/IMG_3626.jpg\" rel=\"prettyPhoto[gallery-1752]\" title=\"25 ans chute du mur de Berlin\"><img src=\"https:\/\/www.walkberlin.com\/fr\/wp-content\/uploads\/sites\/3\/2014\/11\/IMG_3626-500x500.jpg\" alt=\"\" \/><\/a><\/li><li><a href=\"https:\/\/www.walkberlin.com\/fr\/wp-content\/uploads\/sites\/3\/2014\/11\/IMG_3627.jpg\" rel=\"prettyPhoto[gallery-1752]\" title=\"25 ans chute du mur de Berlin\"><img src=\"https:\/\/www.walkberlin.com\/fr\/wp-content\/uploads\/sites\/3\/2014\/11\/IMG_3627-500x500.jpg\" alt=\"\" \/><\/a><\/li><li><a href=\"https:\/\/www.walkberlin.com\/fr\/wp-content\/uploads\/sites\/3\/2014\/11\/IMG_3635.jpg\" rel=\"prettyPhoto[gallery-1752]\" title=\"25 ans chute du mur de Berlin\"><img src=\"https:\/\/www.walkberlin.com\/fr\/wp-content\/uploads\/sites\/3\/2014\/11\/IMG_3635-500x500.jpg\" alt=\"\" \/><\/a><\/li><li><a href=\"https:\/\/www.walkberlin.com\/fr\/wp-content\/uploads\/sites\/3\/2014\/11\/IMG_3636.jpg\" rel=\"prettyPhoto[gallery-1752]\" title=\"25 ans chute du mur de Berlin\"><img src=\"https:\/\/www.walkberlin.com\/fr\/wp-content\/uploads\/sites\/3\/2014\/11\/IMG_3636-500x500.jpg\" alt=\"\" \/><\/a><\/li><li><a href=\"https:\/\/www.walkberlin.com\/fr\/wp-content\/uploads\/sites\/3\/2014\/11\/IMG_3649.jpg\" rel=\"prettyPhoto[gallery-1752]\" title=\"25 ans chute du mur de Berlin\"><img src=\"https:\/\/www.walkberlin.com\/fr\/wp-content\/uploads\/sites\/3\/2014\/11\/IMG_3649-500x500.jpg\" alt=\"\" \/><\/a><\/li><li><a href=\"https:\/\/www.walkberlin.com\/fr\/wp-content\/uploads\/sites\/3\/2014\/11\/IMG_3650.jpg\" rel=\"prettyPhoto[gallery-1752]\" title=\"25 ans chute du mur de Berlin\"><img src=\"https:\/\/www.walkberlin.com\/fr\/wp-content\/uploads\/sites\/3\/2014\/11\/IMG_3650-499x500.jpg\" alt=\"\" \/><\/a><\/li><li><a href=\"https:\/\/www.walkberlin.com\/fr\/wp-content\/uploads\/sites\/3\/2014\/11\/IMG_3678.jpg\" rel=\"prettyPhoto[gallery-1752]\" title=\"25 ans chute du mur de Berlin\"><img src=\"https:\/\/www.walkberlin.com\/fr\/wp-content\/uploads\/sites\/3\/2014\/11\/IMG_3678-500x500.jpg\" alt=\"\" \/><\/a><\/li><li><a href=\"https:\/\/www.walkberlin.com\/fr\/wp-content\/uploads\/sites\/3\/2014\/11\/IMG_3679.jpg\" rel=\"prettyPhoto[gallery-1752]\" title=\"25 ans chute du mur de Berlin\"><img src=\"https:\/\/www.walkberlin.com\/fr\/wp-content\/uploads\/sites\/3\/2014\/11\/IMG_3679-500x500.jpg\" alt=\"\" \/><\/a><\/li><li><a href=\"https:\/\/www.walkberlin.com\/fr\/wp-content\/uploads\/sites\/3\/2014\/11\/IMG_3680.jpg\" rel=\"prettyPhoto[gallery-1752]\" title=\"25 ans chute du mur de Berlin\"><img src=\"https:\/\/www.walkberlin.com\/fr\/wp-content\/uploads\/sites\/3\/2014\/11\/IMG_3680-500x500.jpg\" alt=\"\" \/><\/a><\/li><li><a href=\"https:\/\/www.walkberlin.com\/fr\/wp-content\/uploads\/sites\/3\/2014\/11\/IMG_3685.jpg\" rel=\"prettyPhoto[gallery-1752]\" title=\"25 ans chute du mur de Berlin\"><img src=\"https:\/\/www.walkberlin.com\/fr\/wp-content\/uploads\/sites\/3\/2014\/11\/IMG_3685-500x500.jpg\" alt=\"\" \/><\/a><\/li><li><a href=\"https:\/\/www.walkberlin.com\/fr\/wp-content\/uploads\/sites\/3\/2014\/11\/IMG_3686.jpg\" rel=\"prettyPhoto[gallery-1752]\" title=\"25 ans chute du mur de Berlin\"><img src=\"https:\/\/www.walkberlin.com\/fr\/wp-content\/uploads\/sites\/3\/2014\/11\/IMG_3686-500x500.jpg\" alt=\"\" \/><\/a><\/li><li><a href=\"https:\/\/www.walkberlin.com\/fr\/wp-content\/uploads\/sites\/3\/2014\/11\/IMG_3691.jpg\" rel=\"prettyPhoto[gallery-1752]\" title=\"25 ans chute du mur de Berlin\"><img src=\"https:\/\/www.walkberlin.com\/fr\/wp-content\/uploads\/sites\/3\/2014\/11\/IMG_3691-500x500.jpg\" alt=\"\" \/><\/a><\/li><li><a href=\"https:\/\/www.walkberlin.com\/fr\/wp-content\/uploads\/sites\/3\/2014\/11\/IMG_3701.jpg\" rel=\"prettyPhoto[gallery-1752]\" title=\"25 ans chute du mur de Berlin\"><img src=\"https:\/\/www.walkberlin.com\/fr\/wp-content\/uploads\/sites\/3\/2014\/11\/IMG_3701-500x500.jpg\" alt=\"\" \/><\/a><\/li><li><a href=\"https:\/\/www.walkberlin.com\/fr\/wp-content\/uploads\/sites\/3\/2014\/11\/IMG_3542.jpg\" rel=\"prettyPhoto[gallery-1752]\" title=\"25 ans chute du mur de Berlin\"><img src=\"https:\/\/www.walkberlin.com\/fr\/wp-content\/uploads\/sites\/3\/2014\/11\/IMG_3542-500x500.jpg\" alt=\"\" \/><\/a><\/li><li><a href=\"https:\/\/www.walkberlin.com\/fr\/wp-content\/uploads\/sites\/3\/2014\/11\/IMG_3545.jpg\" rel=\"prettyPhoto[gallery-1752]\" title=\"25 ans chute du mur de Berlin\"><img src=\"https:\/\/www.walkberlin.com\/fr\/wp-content\/uploads\/sites\/3\/2014\/11\/IMG_3545-500x500.jpg\" alt=\"\" \/><\/a><\/li><li><a href=\"https:\/\/www.walkberlin.com\/fr\/wp-content\/uploads\/sites\/3\/2014\/11\/IMG_3561.jpg\" rel=\"prettyPhoto[gallery-1752]\" title=\"25 ans chute du mur de Berlin\"><img src=\"https:\/\/www.walkberlin.com\/fr\/wp-content\/uploads\/sites\/3\/2014\/11\/IMG_3561-500x500.jpg\" alt=\"\" \/><\/a><\/li><li><a href=\"https:\/\/www.walkberlin.com\/fr\/wp-content\/uploads\/sites\/3\/2014\/11\/IMG_3563.jpg\" rel=\"prettyPhoto[gallery-1752]\" title=\"25 ans chute du mur de Berlin\"><img src=\"https:\/\/www.walkberlin.com\/fr\/wp-content\/uploads\/sites\/3\/2014\/11\/IMG_3563-500x500.jpg\" alt=\"\" \/><\/a><\/li><li><a href=\"https:\/\/www.walkberlin.com\/fr\/wp-content\/uploads\/sites\/3\/2014\/11\/IMG_3566.jpg\" rel=\"prettyPhoto[gallery-1752]\" title=\"25 ans chute du mur de Berlin\"><img src=\"https:\/\/www.walkberlin.com\/fr\/wp-content\/uploads\/sites\/3\/2014\/11\/IMG_3566-500x500.jpg\" alt=\"\" \/><\/a><\/li><li><a href=\"https:\/\/www.walkberlin.com\/fr\/wp-content\/uploads\/sites\/3\/2014\/11\/IMG_3573.jpg\" rel=\"prettyPhoto[gallery-1752]\" title=\"25 ans chute du mur de Berlin\"><img src=\"https:\/\/www.walkberlin.com\/fr\/wp-content\/uploads\/sites\/3\/2014\/11\/IMG_3573-500x500.jpg\" alt=\"\" \/><\/a><\/li><li><a href=\"https:\/\/www.walkberlin.com\/fr\/wp-content\/uploads\/sites\/3\/2014\/11\/IMG_3574.jpg\" rel=\"prettyPhoto[gallery-1752]\" title=\"25 ans chute du mur de Berlin\"><img src=\"https:\/\/www.walkberlin.com\/fr\/wp-content\/uploads\/sites\/3\/2014\/11\/IMG_3574-500x500.jpg\" alt=\"\" \/><\/a><\/li><li><a href=\"https:\/\/www.walkberlin.com\/fr\/wp-content\/uploads\/sites\/3\/2014\/11\/IMG_3576.jpg\" rel=\"prettyPhoto[gallery-1752]\" title=\"25 ans chute du mur de Berlin\"><img src=\"https:\/\/www.walkberlin.com\/fr\/wp-content\/uploads\/sites\/3\/2014\/11\/IMG_3576-500x500.jpg\" alt=\"\" \/><\/a><\/li><li><a href=\"https:\/\/www.walkberlin.com\/fr\/wp-content\/uploads\/sites\/3\/2014\/11\/IMG_3587.jpg\" rel=\"prettyPhoto[gallery-1752]\" title=\"25 ans chute du mur de Berlin\"><img src=\"https:\/\/www.walkberlin.com\/fr\/wp-content\/uploads\/sites\/3\/2014\/11\/IMG_3587-500x500.jpg\" alt=\"\" \/><\/a><\/li><li><a href=\"https:\/\/www.walkberlin.com\/fr\/wp-content\/uploads\/sites\/3\/2014\/11\/IMG_3589.jpg\" rel=\"prettyPhoto[gallery-1752]\" title=\"25 ans chute du mur de Berlin\"><img src=\"https:\/\/www.walkberlin.com\/fr\/wp-content\/uploads\/sites\/3\/2014\/11\/IMG_3589-500x500.jpg\" alt=\"\" \/><\/a><\/li><li><a href=\"https:\/\/www.walkberlin.com\/fr\/wp-content\/uploads\/sites\/3\/2014\/11\/IMG_3596.jpg\" rel=\"prettyPhoto[gallery-1752]\" title=\"25 ans chute du mur de Berlin\"><img src=\"https:\/\/www.walkberlin.com\/fr\/wp-content\/uploads\/sites\/3\/2014\/11\/IMG_3596-500x500.jpg\" alt=\"\" \/><\/a><\/li><\/ul><br style=\"clear: both\" \/>\n<div id=\"social-media\">\n\t\t\t\t\t\t<span class=\"h3\">Partager<\/span>\n\t\t\t\t\t\t<ul>\n\t\t\t\t\t\t\t<li>\n\t\t\t\t\t\t\t\t<img src=\"https:\/\/www.walkberlin.com\/fr\/wp-content\/themes\/stylemag\/images\/social-media\/facebook_icon.png\" id=\"facebook\" class=\"socialbtn\" alt=\"\" \/>\n\t\t\t\t\t\t\t<\/li>\n\t\t\t\t\t\t\t<li>\n\t\t\t\t\t\t\t\t<img src=\"https:\/\/www.walkberlin.com\/fr\/wp-content\/themes\/stylemag\/images\/social-media\/twitter_icon.png\" id=\"twitter\" class=\"socialbtn\" alt=\"\" \/>\n\t\t\t\t\t\t\t<\/li>\n\t\t\t\t\t\t\t<li>\n\t\t\t\t\t\t\t\t<img src=\"https:\/\/www.walkberlin.com\/fr\/wp-content\/themes\/stylemag\/images\/social-media\/googleplus_icon.png\" id=\"googleplus\" class=\"socialbtn\" alt=\"\" \/>\n\t\t\t\t\t\t\t<\/li>\n\t\t\t\t\t\t\t<li>\n\t\t\t\t\t\t\t\t<img src=\"https:\/\/www.walkberlin.com\/fr\/wp-content\/themes\/stylemag\/images\/social-media\/pinterest_icon.png\" id=\"pinterest\" class=\"socialbtn\" alt=\"\" \/>\n\t\t\t\t\t\t\t<\/li>\n\t\t\t\t\t\t\t<li>\n\t\t\t\t\t\t\t\t<img src=\"https:\/\/www.walkberlin.com\/fr\/wp-content\/themes\/stylemag\/images\/social-media\/whatsapp_icon.png\" id=\"whatsapp\" class=\"socialbtn\" alt=\"\" \/>\n\t\t\t\t\t\t\t<\/li>\n\t\t\t\t\t\t\t<li>\n\t\t\t\t\t\t\t\t<img src=\"https:\/\/www.walkberlin.com\/fr\/wp-content\/themes\/stylemag\/images\/social-media\/email_icon.png\" id=\"email\" class=\"socialbtn\" alt=\"\" \/>\n\t\t\t\t\t\t\t<\/li>\n\t\t\t\t\t\t<\/ul>\n\t\t\t\t\t\t<\/div>\n\t\t\t\t\t\t\t<div class=\"widget-title-border\">\n\t\t\t\t\t\t<div class=\"widget-title-block\"><\/div>\n\t\t\t\t\t<\/div>","protected":false},"excerpt":{"rendered":"<p>Ce 9 novembre 2014, Berlin a f\u00eat\u00e9 les 25 ans de la chute du mur. En attendant l&#8217;article sur le 9 novembre 1989, voici quelques photos et impressions de la f\u00eate du jour. Des ballons, leurs parrains, la foule le long de la &#8220;fronti\u00e8re lumineuse&#8221;, les blocs bleus pr\u00e9sentant 100 histoires du mur, la East<\/p>\n","protected":false},"author":1,"featured_media":1754,"comment_status":"closed","ping_status":"closed","sticky":false,"template":"","format":"standard","meta":[],"categories":[1,20,23],"tags":[33,7,14,13],"_links":{"self":[{"href":"https:\/\/www.walkberlin.com\/fr\/wp-json\/wp\/v2\/posts\/1752"}],"collection":[{"href":"https:\/\/www.walkberlin.com\/fr\/wp-json\/wp\/v2\/posts"}],"about":[{"href":"https:\/\/www.walkberlin.com\/fr\/wp-json\/wp\/v2\/types\/post"}],"author":[{"embeddable":true,"href":"https:\/\/www.walkberlin.com\/fr\/wp-json\/wp\/v2\/users\/1"}],"replies":[{"embeddable":true,"href":"https:\/\/www.walkberlin.com\/fr\/wp-json\/wp\/v2\/comments?post=1752"}],"version-history":[{"count":9,"href":"https:\/\/www.walkberlin.com\/fr\/wp-json\/wp\/v2\/posts\/1752\/revisions"}],"predecessor-version":[{"id":1791,"href":"https:\/\/www.walkberlin.com\/fr\/wp-json\/wp\/v2\/posts\/1752\/revisions\/1791"}],"wp:featuredmedia":[{"embeddable":true,"href":"https:\/\/www.walkberlin.com\/fr\/wp-json\/wp\/v2\/media\/1754"}],"wp:attachment":[{"href":"https:\/\/www.walkberlin.com\/fr\/wp-json\/wp\/v2\/media?parent=1752"}],"wp:term":[{"taxonomy":"category","embeddable":true,"href":"https:\/\/www.walkberlin.com\/fr\/wp-json\/wp\/v2\/categories?post=1752"},{"taxonomy":"post_tag","embeddable":true,"href":"https:\/\/www.walkberlin.com\/fr\/wp-json\/wp\/v2\/tags?post=1752"}],"curies":[{"name":"wp","href":"https:\/\/api.w.org\/{rel}","templated":true}]}}