{"id":1881,"date":"2015-05-04T20:37:18","date_gmt":"2015-05-04T18:37:18","guid":{"rendered":"https:\/\/www.walkberlin.com\/fr\/?p=1881"},"modified":"2021-07-25T13:32:15","modified_gmt":"2021-07-25T11:32:15","slug":"berlin-1945-2015-programme","status":"publish","type":"post","link":"https:\/\/www.walkberlin.com\/fr\/berlin-1945-2015-programme\/","title":{"rendered":"Berlin 1945 &#8211; 2015 : Programme"},"content":{"rendered":"<p><strong>1945, Allemagne ann\u00e9e z\u00e9ro. Si\u00e8ge du r\u00e9gime nazi, la prise de Berlin le 2 mai 1945 est le symbole de la victoire sur le nazisme pour les Alli\u00e9s. Berlin est alors un champ de ruines : pr\u00e8s de 70% de la ville sont d\u00e9truits. Berlin est d&#8217;abord occup\u00e9e par l&#8217;Arm\u00e9e rouge, puis divis\u00e9e en 4 secteurs lors de la Conf\u00e9rence de Potsdam \u00e0 l&#8217;\u00e9t\u00e9 1945 et occup\u00e9e par les Alli\u00e9s. Ce printemps 1945, c&#8217;est la fin de la Seconde guerre mondiale mais aussi une esp\u00e8ce de nouveau d\u00e9part pour les Berlinois. Comment ont-ils v\u00e9cu ces derniers mois de guerre ? et ces premiers mois d&#8217;apr\u00e8s-guerre ? Quel avenir pour Berlin ?<\/strong><\/p>\n<p><img loading=\"lazy\" width=\"849\" height=\"407\" src=\"https:\/\/www.walkberlin.com\/fr\/wp-content\/uploads\/sites\/3\/2015\/05\/mai-1945.jpg\" alt=\"Mai 1945 \u00e0 Berlin\" class=\"alignleft size-full wp-image-1887\" srcset=\"https:\/\/www.walkberlin.com\/fr\/wp-content\/uploads\/sites\/3\/2015\/05\/mai-1945.jpg 849w, https:\/\/www.walkberlin.com\/fr\/wp-content\/uploads\/sites\/3\/2015\/05\/mai-1945-300x143.jpg 300w, https:\/\/www.walkberlin.com\/fr\/wp-content\/uploads\/sites\/3\/2015\/05\/mai-1945-100x47.jpg 100w\" sizes=\"(max-width: 849px) 100vw, 849px\" \/><\/p>\n<p>La Wehrmacht capitule le 8 mai 1945 au si\u00e8ge de l&#8217;Arm\u00e9e rouge \u00e0 Berlin Karlshorst mettant fin \u00e0 la Seconde guerre mondiale en Europe. Pour le 70\u00e8me anniversaire de la fin de la guerre, Berlin pr\u00e9sente  ces derniers mois de conflit et de renouveau sous plusieurs perspectives. Voici un aper\u00e7u de ce que mus\u00e9es, centres de documentation, salles d&#8217;exposition, artistes et guides vous proposent.<\/p>\n<ol>\n<li><strong>Deutschland 1945 \u2013 les derniers mois de guerre<\/strong><br \/>\nUne exposition de la <a href=\"http:\/\/www.topographie.de\/ausstellungen\/sonderausstellungen\/z\/0\/\" target=\"_blank\" rel=\"noopener\">Topographie de la terreur<\/a> du 09\/12\/2014 au 25\/10\/2015 en allemand et anglais.\n<\/li>\n<li><strong>Nationalsozialistischer Gr\u00f6\u00dfenwahn: Hitler, Albert Speer und Germania<\/strong><br \/>\nBellevue Berlin &#8211; kunsthistorische Stadtf\u00fchrungen. Une visite guid\u00e9e en allemand sur le projet &#8220;Germania&#8221;. Sur <a href=\"http:\/\/www.bellevue-berlin.de\/anmeld-1.html\" target=\"_blank\" rel=\"noopener\">r\u00e9servation<\/a>!\n<\/li>\n<li><strong>&#8220;Le Berlin de Hitler&#8221; : Terreur, r\u00e9sistance et le Berlin d&#8217;aujourd&#8217;hui<\/strong><br \/>\nNotre <a href=\"https:\/\/www.walkberlin.com\/fr\/visites-guidees-de-berlin\/le-berlin-de-hitler\/\" title=\"Visite guid\u00e9e : le Berlin de Hitler\" target=\"_blank\" rel=\"noopener\">visite guid\u00e9e en fran\u00e7ais du Berlin \u00e0 l&#8217;\u00e9poque nazie<\/a>, le dimanche de 14 heures \u00e0 17 heures. Merci de vous inscrire deux jours avant au plus tard !\n<\/li>\n<li><strong>1945 \u2013 Niederlage. Befreiung. Neuanfang.<\/strong><br \/>\nUne <a href=\"https:\/\/www.dhm.de\/ausstellungen\/archiv\/2015\/1945.html\" rel=\"noopener\" target=\"_blank\">exposition du Deutsches Historisches Museum<\/a> du 24\/04\/2015 au 25\/10\/2015 en allemand et anglais.\n<\/li>\n<li><strong>Fr\u00fchling in Berlin: Open-Air Ausstellung<\/strong><br \/>\nDu 21 avril au 26 mai 2015 : un quotidien entre guerre et paix. Plus de d\u00e9tails <a href=\"https:\/\/www.kulturprojekte.berlin\/en\/project\/mai-45-fruehling-in-berlin\/\" rel=\"noopener\" target=\"_blank\">ici<\/a>.\n<\/li>\n<li><strong>70 Jahre Kriegsende: Deutsch-russisches Museum<\/strong><br \/>\nProgramme du mus\u00e9e germano-russe, Berlin-Karlshorst &#8211; lieu de la ratification de la capitulation le 8 mai 1945 : f\u00eate du mus\u00e9e le 8 mai 2015, exposition temporaire sur les formes de la comm\u00e9moration : &#8220;Der 9. Mai. Formen des Gedenkens an das Kriegsende 1945&#8221; et conf\u00e9rences en mai. Lien vers le programme du mus\u00e9e <a href=\"http:\/\/www.museum-karlshorst.de\/index.php?id=1&#038;L=1\" rel=\"noopener\" target=\"_blank\">ici<\/a>. Exposition en allemand, anglais et russe.\n<\/li>\n<li><strong>Cin\u00e9ma dans le KulturRaum Zwingli-Kirche<\/strong><br \/>\nDocumentaires et films : &#8220;Allemagne ann\u00e9e z\u00e9ro&#8221;, &#8220;Une femme \u00e0 Berlin&#8221;. Retrouvez le programme du KulturRaum Zwingli-Kirche <a href=\"https:\/\/www.kulturraum-zwinglikirche.de\/\" rel=\"noopener\" target=\"_blank\">ici<\/a>.\n<\/li>\n<li><strong>Les r\u00e9sistants allemands face au nazisme<\/strong><br \/>\nLe m\u00e9morial de la r\u00e9sistance allemande pr\u00e9sente une <a href=\"http:\/\/www.gdw-berlin.de\" target=\"_blank\" rel=\"noopener\">exposition permanente sur les r\u00e9sistants allemands<\/a> qui ont eu le courage se s&#8217;opposer \u00e0 la dictature nazie. Qui \u00e9taient-ils ? Pourquoi se sont-ils lev\u00e9s contre le r\u00e9gime ? Une s\u00e9rie de portraits pour d\u00e9passer l&#8217;op\u00e9ration Walkyrie.\n<\/li>\n<li><strong>Schloss Cecilienhof \u2013 70 Jahre Potsdamer Konferenz<\/strong><br \/>\nExposition, visite guid\u00e9e, lectures et concerts \u00e0 partir de fin mai. Plus de d\u00e9tails <a href=\"http:\/\/www.museumsportal-berlin.de\/de\/museen\/schloss-cecilienhof-stiftung-preuische-schlosser-und-garten-berlin-brandenburg\/\" target=\"_blank\" rel=\"noopener\">ici<\/a>.\n<\/li>\n<li><strong>ZERO &#8211; Die internationale Kunstbewegung der 50er und 60er Jahre<\/strong><br \/>\nUne exposition du mus\u00e9e d&#8217;art moderne Martin-Gropius-Bau pr\u00e9sentant le groupe d&#8217;artistes allemands ZERO, fond\u00e9 au d\u00e9but des ann\u00e9es 1950 et qui deviendra tr\u00e8s vite une des mouvances artistiques les plus importantes et internationales de l&#8217;imm\u00e9diat apr\u00e8s-guerre.  A voir jusqu&#8217;au 8 juin 2015.\n<\/li>\n<\/ol>\n<div id=\"social-media\">\n\t\t\t\t\t\t<span class=\"h3\">Partager<\/span>\n\t\t\t\t\t\t<ul>\n\t\t\t\t\t\t\t<li>\n\t\t\t\t\t\t\t\t<img src=\"https:\/\/www.walkberlin.com\/fr\/wp-content\/themes\/stylemag\/images\/social-media\/facebook_icon.png\" id=\"facebook\" class=\"socialbtn\" alt=\"\" \/>\n\t\t\t\t\t\t\t<\/li>\n\t\t\t\t\t\t\t<li>\n\t\t\t\t\t\t\t\t<img src=\"https:\/\/www.walkberlin.com\/fr\/wp-content\/themes\/stylemag\/images\/social-media\/twitter_icon.png\" id=\"twitter\" class=\"socialbtn\" alt=\"\" \/>\n\t\t\t\t\t\t\t<\/li>\n\t\t\t\t\t\t\t<li>\n\t\t\t\t\t\t\t\t<img src=\"https:\/\/www.walkberlin.com\/fr\/wp-content\/themes\/stylemag\/images\/social-media\/googleplus_icon.png\" id=\"googleplus\" class=\"socialbtn\" alt=\"\" \/>\n\t\t\t\t\t\t\t<\/li>\n\t\t\t\t\t\t\t<li>\n\t\t\t\t\t\t\t\t<img src=\"https:\/\/www.walkberlin.com\/fr\/wp-content\/themes\/stylemag\/images\/social-media\/pinterest_icon.png\" id=\"pinterest\" class=\"socialbtn\" alt=\"\" \/>\n\t\t\t\t\t\t\t<\/li>\n\t\t\t\t\t\t\t<li>\n\t\t\t\t\t\t\t\t<img src=\"https:\/\/www.walkberlin.com\/fr\/wp-content\/themes\/stylemag\/images\/social-media\/whatsapp_icon.png\" id=\"whatsapp\" class=\"socialbtn\" alt=\"\" \/>\n\t\t\t\t\t\t\t<\/li>\n\t\t\t\t\t\t\t<li>\n\t\t\t\t\t\t\t\t<img src=\"https:\/\/www.walkberlin.com\/fr\/wp-content\/themes\/stylemag\/images\/social-media\/email_icon.png\" id=\"email\" class=\"socialbtn\" alt=\"\" \/>\n\t\t\t\t\t\t\t<\/li>\n\t\t\t\t\t\t<\/ul>\n\t\t\t\t\t\t<\/div>\n\t\t\t\t\t\t\t<div class=\"widget-title-border\">\n\t\t\t\t\t\t<div class=\"widget-title-block\"><\/div>\n\t\t\t\t\t<\/div>","protected":false},"excerpt":{"rendered":"<p>1945, Allemagne ann\u00e9e z\u00e9ro. Si\u00e8ge du r\u00e9gime nazi, la prise de Berlin le 2 mai 1945 est le symbole de la victoire sur le nazisme pour les Alli\u00e9s. Berlin est alors un champ de ruines : pr\u00e8s de 70% de la ville sont d\u00e9truits. Berlin est d&#8217;abord occup\u00e9e par l&#8217;Arm\u00e9e rouge, puis divis\u00e9e en 4<\/p>\n","protected":false},"author":2,"featured_media":1887,"comment_status":"closed","ping_status":"closed","sticky":false,"template":"","format":"standard","meta":[],"categories":[1,20],"tags":[27,33,7,18,30],"_links":{"self":[{"href":"https:\/\/www.walkberlin.com\/fr\/wp-json\/wp\/v2\/posts\/1881"}],"collection":[{"href":"https:\/\/www.walkberlin.com\/fr\/wp-json\/wp\/v2\/posts"}],"about":[{"href":"https:\/\/www.walkberlin.com\/fr\/wp-json\/wp\/v2\/types\/post"}],"author":[{"embeddable":true,"href":"https:\/\/www.walkberlin.com\/fr\/wp-json\/wp\/v2\/users\/2"}],"replies":[{"embeddable":true,"href":"https:\/\/www.walkberlin.com\/fr\/wp-json\/wp\/v2\/comments?post=1881"}],"version-history":[{"count":25,"href":"https:\/\/www.walkberlin.com\/fr\/wp-json\/wp\/v2\/posts\/1881\/revisions"}],"predecessor-version":[{"id":3164,"href":"https:\/\/www.walkberlin.com\/fr\/wp-json\/wp\/v2\/posts\/1881\/revisions\/3164"}],"wp:featuredmedia":[{"embeddable":true,"href":"https:\/\/www.walkberlin.com\/fr\/wp-json\/wp\/v2\/media\/1887"}],"wp:attachment":[{"href":"https:\/\/www.walkberlin.com\/fr\/wp-json\/wp\/v2\/media?parent=1881"}],"wp:term":[{"taxonomy":"category","embeddable":true,"href":"https:\/\/www.walkberlin.com\/fr\/wp-json\/wp\/v2\/categories?post=1881"},{"taxonomy":"post_tag","embeddable":true,"href":"https:\/\/www.walkberlin.com\/fr\/wp-json\/wp\/v2\/tags?post=1881"}],"curies":[{"name":"wp","href":"https:\/\/api.w.org\/{rel}","templated":true}]}}