{"id":2182,"date":"2016-07-10T21:10:34","date_gmt":"2016-07-10T19:10:34","guid":{"rendered":"https:\/\/www.walkberlin.com\/fr\/?p=2182"},"modified":"2021-07-25T13:29:58","modified_gmt":"2021-07-25T11:29:58","slug":"les-miradors-vestiges-du-no-mans-land","status":"publish","type":"post","link":"https:\/\/www.walkberlin.com\/fr\/les-miradors-vestiges-du-no-mans-land\/","title":{"rendered":"Les miradors, vestiges du no man&#8217;s land"},"content":{"rendered":"<p><strong>Le mur de Berlin, c&#8217;\u00e9tait en fait deux murs, s\u00e9par\u00e9s par un no man&#8217;s land, espace fronti\u00e8re r\u00e9put\u00e9 infranchissable. Cet espace interdit longeant le mur \u00e0 Berlin-Est \u00e9tait plac\u00e9 sous la surveillance de postes-fronti\u00e8re est-allemands qui le dominaient du haut de miradors. En tout, 302 miradors bordaient le mur \u00e0 l&#8217;Est. Aujourd&#8217;hui, il en reste encore 7, \u00e0 leur place ou d\u00e9plac\u00e9s comme celui du <a href=\"https:\/\/www.walkberlin.com\/fr\/le-musee-des-allies\/\" title=\"Mus\u00e9e des Alli\u00e9s\">Mus\u00e9e des Alli\u00e9s<\/a> ; 3 sont ouverts au public.<\/strong><\/p>\n<p><img loading=\"lazy\" width=\"1024\" height=\"668\" src=\"https:\/\/www.walkberlin.com\/fr\/wp-content\/uploads\/sites\/3\/2016\/06\/Wachturm_Potsdamerplatz2_pub-e1468177660399-1024x668.jpg\" alt=\"Mirador Mur de Berlin\" class=\"alignnone size-large wp-image-2191\" srcset=\"https:\/\/www.walkberlin.com\/fr\/wp-content\/uploads\/sites\/3\/2016\/06\/Wachturm_Potsdamerplatz2_pub-e1468177660399-1024x668.jpg 1024w, https:\/\/www.walkberlin.com\/fr\/wp-content\/uploads\/sites\/3\/2016\/06\/Wachturm_Potsdamerplatz2_pub-e1468177660399-300x196.jpg 300w, https:\/\/www.walkberlin.com\/fr\/wp-content\/uploads\/sites\/3\/2016\/06\/Wachturm_Potsdamerplatz2_pub-e1468177660399-100x65.jpg 100w, https:\/\/www.walkberlin.com\/fr\/wp-content\/uploads\/sites\/3\/2016\/06\/Wachturm_Potsdamerplatz2_pub-e1468177660399.jpg 1224w\" sizes=\"(max-width: 1024px) 100vw, 1024px\" \/><\/p>\n<h2>Au coeur de Berlin : Leipziger Platz &#8211; Potsdamer Platz<\/h2>\n<p>Le mirador pr\u00e8s des Potsdamer Platz et Leipziger Platz dans la Enna-Berger-Stra\u00dfe est au coeur du centre historique, de ce qui fut le no man&#8217;s land le plus large \u00e0 Berlin et qui est aujourd&#8217;hui un carrefour interurbain \u00e0 l&#8217;architecture moderne. De ce mirador, deux postes-fronti\u00e8re surveillaient 24 heures sur 24 le no man&#8217;s land \u00e0 cet endroit et observaient l&#8217;espace vide derri\u00e8re jusqu&#8217;\u00e0 la &#8220;Maison des minist\u00e8res&#8221;.  <\/p>\n<p>Ce mirador, construit en 1971, est aujourd&#8217;hui le dernier de type BT 6 conserv\u00e9 apr\u00e8s la chute du mur en novembre 1989. On en comptait alors plus de 200 de ce type le long du mur. Class\u00e9 depuis 2001 monument historique, c&#8217;est la soci\u00e9t\u00e9 Berlin Wall Exhibition UG qui le r\u00e9nove et le fait visiter.   <\/p>\n<div id=\"tabs-mirador-leipziger-platz\">\n<div class=\"msg default clearfix\"><p>\n<strong>Adresse :<\/strong> Erna-Berger-Stra\u00dfe 7, 10117 Berlin<br \/>\n<strong>Internet :<\/strong> <a href=\"http:\/\/www.berlinwallexpo.de\" target=\"_blank\" rel=\"noopener\">Berlin Wall Exhibition UG<\/a><br \/>\n<strong>Entr\u00e9e :<\/strong> 3,50\u20ac<br \/>\n<strong>Horaires d&#8217;ouverture :<\/strong> ma-di 14h \u00e0 18h<br \/>\n<strong>Visite guid\u00e9e :<\/strong> sur demande<br \/>\n<strong>Transports en commun :<\/strong> U2 ou S1, S2 Potsdamer Platz<br \/>\n<\/p><\/div>\n<\/div>\n<h2>Au vert : Alt-Treptow<\/h2>\n<p>Aujourd&#8217;hui, quand on se balade dans le parc de la Puschkinallee, rien ne laisse penser qu&#8217;on se trouve dans l&#8217;ancien no man&#8217;s land &#8211; jusqu&#8217;\u00e0 ce qu&#8217;on arrive devant un mirador. Ce mirador de type BT 9 fait partie de la deuxi\u00e8me g\u00e9n\u00e9ration de mirador construit \u00e0 partir de 1975, plus robuste que les pr\u00e9c\u00e9dents. Une association priv\u00e9e : Flutgraben e.V. propose des expositions et visites guid\u00e9es dans le mirador. <\/p>\n<div id=\"tabs-mirador-alt-treptow\">\n<div class=\"msg default clearfix\"><p>\n<strong>Adresse :<\/strong> Am Flutgraben 3, 12435 Berlin<br \/>\n<strong>Internet :<\/strong> <a href=\"http:\/\/flutgraben.org\/\" target=\"_blank\" rel=\"noopener\">Flutgraben e.V.<\/a><br \/>\n<strong>Horaires d&#8217;ouverture :<\/strong> samedi de 11h \u00e0 14h, dimanche de 11h \u00e0 17h<br \/>\n<strong>Visite guid\u00e9e :<\/strong> sur demande<br \/>\n<strong>Transports en commun :<\/strong> U1 Schlesisches Tor ou Warschauer Stra\u00dfe<br \/>\n<\/p><\/div>\n<\/div>\n<h2>Mirador devenu m\u00e9morial : la Kieler Stra\u00dfe<\/h2>\n<p>Cet ancien mirador est aujourd&#8217;hui un m\u00e9morial en souvenir de la premi\u00e8re victime du mur : G\u00fcnter Litfin. Ce 24 ao\u00fbt 1961, G\u00fcnter Litfin essaie de franchir la fronti\u00e8re ici, depuis les bords du Spandauer-Schifffahrtkanal pour rejoindre Berlin-Ouest, o\u00f9 il venait de d\u00e9crocher un emploi. Une balle de Kalaschnikov le touche alors qu&#8217;il tente de gagner la rive \u00e0 l&#8217;Ouest. <\/p>\n<p>Son fr\u00e8re, J\u00fcrgen, a transform\u00e9 le mirador en m\u00e9morial et propose des visites guid\u00e9es sur le mur et ses cons\u00e9quences depuis 2003. <\/p>\n<div id=\"tabs-mirador-kieler-strase\">\n<div class=\"msg default clearfix\"><p>\n<strong>Adresse :<\/strong> Kieler Stra\u00dfe 2, 10115 Berlin<br \/>\n<strong>Internet :<\/strong> <a href=\"http:\/\/www.gedenkstaetteguenterlitfin.de\/\" target=\"_blank\" rel=\"noopener\">Gedenkst\u00e4tte G\u00fcnter Litfin<\/a><br \/>\n<strong>Horaires d&#8217;ouverture :<\/strong> De mars \u00e0 octobre, jeu-dim de 12h \u00e0 14h<br \/>\n<strong>Visite guid\u00e9e :<\/strong> jeu-dim : 11h30, 12h00, 12h30, 13h00 et 13h30<br \/>\n<strong>Transports en commun :<\/strong> U6 Reinickendorfer Stra\u00dfe<br \/>\n<\/p><\/div>\n<\/div>\n<div id=\"social-media\">\n\t\t\t\t\t\t<span class=\"h3\">Partager<\/span>\n\t\t\t\t\t\t<ul>\n\t\t\t\t\t\t\t<li>\n\t\t\t\t\t\t\t\t<img src=\"https:\/\/www.walkberlin.com\/fr\/wp-content\/themes\/stylemag\/images\/social-media\/facebook_icon.png\" id=\"facebook\" class=\"socialbtn\" alt=\"\" \/>\n\t\t\t\t\t\t\t<\/li>\n\t\t\t\t\t\t\t<li>\n\t\t\t\t\t\t\t\t<img src=\"https:\/\/www.walkberlin.com\/fr\/wp-content\/themes\/stylemag\/images\/social-media\/twitter_icon.png\" id=\"twitter\" class=\"socialbtn\" alt=\"\" \/>\n\t\t\t\t\t\t\t<\/li>\n\t\t\t\t\t\t\t<li>\n\t\t\t\t\t\t\t\t<img src=\"https:\/\/www.walkberlin.com\/fr\/wp-content\/themes\/stylemag\/images\/social-media\/googleplus_icon.png\" id=\"googleplus\" class=\"socialbtn\" alt=\"\" \/>\n\t\t\t\t\t\t\t<\/li>\n\t\t\t\t\t\t\t<li>\n\t\t\t\t\t\t\t\t<img src=\"https:\/\/www.walkberlin.com\/fr\/wp-content\/themes\/stylemag\/images\/social-media\/pinterest_icon.png\" id=\"pinterest\" class=\"socialbtn\" alt=\"\" \/>\n\t\t\t\t\t\t\t<\/li>\n\t\t\t\t\t\t\t<li>\n\t\t\t\t\t\t\t\t<img src=\"https:\/\/www.walkberlin.com\/fr\/wp-content\/themes\/stylemag\/images\/social-media\/whatsapp_icon.png\" id=\"whatsapp\" class=\"socialbtn\" alt=\"\" \/>\n\t\t\t\t\t\t\t<\/li>\n\t\t\t\t\t\t\t<li>\n\t\t\t\t\t\t\t\t<img src=\"https:\/\/www.walkberlin.com\/fr\/wp-content\/themes\/stylemag\/images\/social-media\/email_icon.png\" id=\"email\" class=\"socialbtn\" alt=\"\" \/>\n\t\t\t\t\t\t\t<\/li>\n\t\t\t\t\t\t<\/ul>\n\t\t\t\t\t\t<\/div>\n\t\t\t\t\t\t\t<div class=\"widget-title-border\">\n\t\t\t\t\t\t<div class=\"widget-title-block\"><\/div>\n\t\t\t\t\t<\/div>","protected":false},"excerpt":{"rendered":"<p>Le mur de Berlin, c&#8217;\u00e9tait en fait deux murs, s\u00e9par\u00e9s par un no man&#8217;s land, espace fronti\u00e8re r\u00e9put\u00e9 infranchissable. Cet espace interdit longeant le mur \u00e0 Berlin-Est \u00e9tait plac\u00e9 sous la surveillance de postes-fronti\u00e8re est-allemands qui le dominaient du haut de miradors. En tout, 302 miradors bordaient le mur \u00e0 l&#8217;Est. Aujourd&#8217;hui, il en reste<\/p>\n","protected":false},"author":2,"featured_media":2191,"comment_status":"closed","ping_status":"closed","sticky":false,"template":"","format":"standard","meta":[],"categories":[1,23],"tags":[33,16,13],"_links":{"self":[{"href":"https:\/\/www.walkberlin.com\/fr\/wp-json\/wp\/v2\/posts\/2182"}],"collection":[{"href":"https:\/\/www.walkberlin.com\/fr\/wp-json\/wp\/v2\/posts"}],"about":[{"href":"https:\/\/www.walkberlin.com\/fr\/wp-json\/wp\/v2\/types\/post"}],"author":[{"embeddable":true,"href":"https:\/\/www.walkberlin.com\/fr\/wp-json\/wp\/v2\/users\/2"}],"replies":[{"embeddable":true,"href":"https:\/\/www.walkberlin.com\/fr\/wp-json\/wp\/v2\/comments?post=2182"}],"version-history":[{"count":19,"href":"https:\/\/www.walkberlin.com\/fr\/wp-json\/wp\/v2\/posts\/2182\/revisions"}],"predecessor-version":[{"id":3161,"href":"https:\/\/www.walkberlin.com\/fr\/wp-json\/wp\/v2\/posts\/2182\/revisions\/3161"}],"wp:featuredmedia":[{"embeddable":true,"href":"https:\/\/www.walkberlin.com\/fr\/wp-json\/wp\/v2\/media\/2191"}],"wp:attachment":[{"href":"https:\/\/www.walkberlin.com\/fr\/wp-json\/wp\/v2\/media?parent=2182"}],"wp:term":[{"taxonomy":"category","embeddable":true,"href":"https:\/\/www.walkberlin.com\/fr\/wp-json\/wp\/v2\/categories?post=2182"},{"taxonomy":"post_tag","embeddable":true,"href":"https:\/\/www.walkberlin.com\/fr\/wp-json\/wp\/v2\/tags?post=2182"}],"curies":[{"name":"wp","href":"https:\/\/api.w.org\/{rel}","templated":true}]}}