{"id":2294,"date":"2017-01-20T10:12:04","date_gmt":"2017-01-20T08:12:04","guid":{"rendered":"https:\/\/www.walkberlin.com\/fr\/?p=2294"},"modified":"2021-07-25T13:28:36","modified_gmt":"2021-07-25T11:28:36","slug":"rendez-vous-de-lannee-2017-a-berlin","status":"publish","type":"post","link":"https:\/\/www.walkberlin.com\/fr\/rendez-vous-de-lannee-2017-a-berlin\/","title":{"rendered":"Rendez-vous de l&#8217;ann\u00e9e 2017 \u00e0 Berlin"},"content":{"rendered":"<p><strong>Que nous r\u00e9serve Berlin en 2017&#8239;?&#8239;De nombreux \u00e9v\u00e9nements culturels et sportifs. Pour bien pr\u00e9parer votre s\u00e9jour,&#8239;WalkBerlin vous propose une s\u00e9lection d&#8217;expositions et d&#8217;\u00e9v\u00e9nements \u00e0 voir \u00e0 Berlin cette ann\u00e9e&#8239;:<\/strong><\/p>\n<p><img loading=\"lazy\" width=\"1792\" height=\"1192\" src=\"https:\/\/www.walkberlin.com\/fr\/wp-content\/uploads\/sites\/3\/2017\/01\/Karnaval-visitberlin.jpg\" alt=\"Carnaval des cultures Berlin\" class=\"alignnone size-full wp-image-2364\" srcset=\"https:\/\/www.walkberlin.com\/fr\/wp-content\/uploads\/sites\/3\/2017\/01\/Karnaval-visitberlin.jpg 1792w, https:\/\/www.walkberlin.com\/fr\/wp-content\/uploads\/sites\/3\/2017\/01\/Karnaval-visitberlin-300x200.jpg 300w, https:\/\/www.walkberlin.com\/fr\/wp-content\/uploads\/sites\/3\/2017\/01\/Karnaval-visitberlin-1024x681.jpg 1024w, https:\/\/www.walkberlin.com\/fr\/wp-content\/uploads\/sites\/3\/2017\/01\/Karnaval-visitberlin-100x67.jpg 100w, https:\/\/www.walkberlin.com\/fr\/wp-content\/uploads\/sites\/3\/2017\/01\/Karnaval-visitberlin-330x220.jpg 330w, https:\/\/www.walkberlin.com\/fr\/wp-content\/uploads\/sites\/3\/2017\/01\/Karnaval-visitberlin-200x133.jpg 200w\" sizes=\"(max-width: 1792px) 100vw, 1792px\" \/><br \/>\n<strong>Photo : Karneval der Kulturen | Carnival of Cultures \u00a9 <em>visitBerlin<\/em>, Foto: Philip Koschel<\/strong><\/p>\n<p><strong>&#8220;Robert Doisneau &#8211; Photographies&#8221;<\/strong><br \/>\nD\u00e9couvrez l&#8217;ensemble des photos du photographe dans le Martin-Gropius-Bau jusqu&#8217;au 5 mars 2017, Niederkirchnerstra\u00dfe, 10963 Berlin.<br \/>\nWeb : <a href=\"https:\/\/www.berlinerfestspiele.de\/de\/aktuell\/festivals\/gropiusbau\/programm_mgb\/mgb16_robert_doisneau\/ausstellung_robert_doisneau\/ausstellung_robert_doisneau_187669.php\" target=\"_blank\" rel=\"noopener\">Martin-Gropius-Bau Berlin<\/a><\/p>\n<p><strong>&#8220;Colonialisme allemand. Histoire et pr\u00e9sent&#8221;<\/strong><br \/>\nUne exposition du Deutsches Historisches Museum sur l&#8217;histoire du colonialisme allemand.<br \/>\nDeutsches Historisches Museum, jusqu&#8217;au 14 mai 2017, Unter den Linden 2, 10117 Berlin<br \/>\nWeb: <a href=\"http:\/\/www.dhm.de\/ausstellungen\/vorschau\/deutscher-kolonialismus.html\" target=\"_blank\" rel=\"noopener\">www.dhm.de\/ausstellungen\/vorschau\/deutscher-kolonialismus.html<\/a> <\/p>\n<p><strong>67. Berlinale \u2013 Internationale Filmfestspiele Berlin<\/strong><br \/>\nPlusieurs cin\u00e9mas \u00e0 Berlin, du 9 au 19 f\u00e9vrier 2017<br \/>\nWeb: <a href=\"http:\/\/www.berlinale.de\" target=\"_blank\" rel=\"noopener\">www.berlinale.de<\/a><\/p>\n<p><strong>&#8220;Notre-Dame de Paris&#8221;<\/strong><br \/>\nUne com\u00e9die musicale de Disney et du Stage Theater des Westens de Berlin d&#8217;apr\u00e8s le classique de Victor Hugo.<br \/>\nStage Theater des Westens, \u00e0 partir d&#8217;avril 2017, Kantstra\u00dfe 12, 10623 Berlin<br \/>\nWeb: <a href=\"http:\/\/www.stage-entertainment.de\/musicals-shows\/berlin\/der-gloeckner-von-notre-dame\/show\/disneys-der-gloeckner-von-notre-dame-berlin.html\" target=\"_blank\" rel=\"noopener\">www.stage-entertainment.de\/musicals-shows\/berlin\/der-gloeckner-von-notre-dame\/show\/disneys-der-gloeckner-von-notre-dame-berlin.html<\/a><\/p>\n<p><strong>&#8220;The Luther Effect. Protestantism \u2013 500 Years in the World&#8221;<\/strong><br \/>\nPour les 500 ans de la R\u00e9forme, une exposition du Deutsches Historisches Museum dans le Martin-Gropius-Bau&#8239;:&#8239;de la R\u00e9forme \u00e0 aujourd&#8217;hui.<br \/>\nMartin-Gropius-Bau, du 12 avril au 5 novembre 2017, Niederkirchnerstra\u00dfe 7, 10963 Berlin<br \/>\nWeb: <a href=\"http:\/\/www.dhm.de\/en\/ausstellungen\/preview\/the-luther-effect.html\" target=\"_blank\" rel=\"noopener\">http:\/\/www.dhm.de\/en\/ausstellungen\/preview\/the-luther-effect.html<\/a> <\/p>\n<p><strong>&#8220;achtung berlin \u2013 new berlin film award 2017&#8221;<\/strong><br \/>\nFestival pr\u00e9sentant des films sur Berlin et le Brandebourg avec une s\u00e9lection sp\u00e9ciale cette ann\u00e9e sur les transformations de Berlin depuis la chute du mur.<br \/>\nPlusieurs lieux de projection, du 19 au 26 avril 2017<br \/>\nWeb: <a href=\"http:\/\/achtungberlin.de\" target=\"_blank\" rel=\"noopener\">achtungberlin.de<\/a> <\/p>\n<p><strong>&#8220;Karneval der Kulturen&#8221;<\/strong><br \/>\nLe traditionnel festival de rues avec son corso pr\u00e9sentant la diversit\u00e9 culturelle de Berlin \u00e0 la Pentec\u00f4te.<br \/>\nBl\u00fccherplatz, du 2 au 5 juin2017<br \/>\nWeb: <a href=\"http:\/\/www.karneval-berlin.de\" target=\"_blank\" rel=\"noopener\">www.karneval-berlin.de<\/a><\/p>\n<p><strong>F\u00eate de la Musique<\/strong><br \/>\nDans tout Berlin, le 21 juin 2017<br \/>\nWeb: <a href=\"http:\/\/www.fetedelamusique.de\" target=\"_blank\" rel=\"noopener\">www.fetedelamusique.de<\/a><\/p>\n<p><strong>150\u00e8me anniversaire de K\u00e4the Kollwitz<\/strong><br \/>\nLe mus\u00e9e K\u00e4the-Kollwitz est consacr\u00e9 \u00e0 l&#8217;artiste engag\u00e9e. Son 150\u00e8me anniversaire peut \u00eatre l&#8217;occasion de d\u00e9couvrir ou red\u00e9couvrir ses oeuvres<br \/>\nK\u00e4the-Kollwitz-Museum, le 8 juillet 2017<br \/>\nWeb: <a href=\"http:\/\/www.kaethe-kollwitz.de\" target=\"_blank\" rel=\"noopener\">www.kaethe-kollwitz.de<\/a><\/p>\n<p><strong>Classic Open Air am Gendarmenmarkt<\/strong><br \/>\nLe rendez-vous des amateurs de musique classique en plein air.<br \/>\nGendarmenmarkt, du 20 au juillet 2017<br \/>\nWeb: <a href=\"http:\/\/www.classicopenair.de\" target=\"_blank\" rel=\"noopener\">www.classicopenair.de<\/a><\/p>\n<p><strong>39. CSD Berlin<\/strong><br \/>\nD\u00e9part du Kurf\u00fcrstendamm, le 22 juillet 2017<br \/>\nWeb: <a href=\"http:\/\/www.csd-berlin.de\" target=\"_blank\" rel=\"noopener\">www.csd-berlin.de<\/a><\/p>\n<p><strong>Longue nuit des mus\u00e9es<\/strong><br \/>\n&#8220;77 mus\u00e9es, 700 manifestations, 1 ticket&#8221;. Profitez du ticket unique \u00e0 18\u20ac pour d\u00e9couvrir plusieurs expositions en une nuit.<br \/>\nPlusieurs mus\u00e9es participants, le 26 ao\u00fbt 2017<br \/>\nWeb: <a href=\"http:\/\/www.lange-nacht-der-museen.de\/de\/\" target=\"_blank\" rel=\"noopener\">www.lange-nacht-der-museen.de\/de\/<\/a><\/p>\n<p><strong>Journ\u00e9e portes ouvertes du gouvernement<\/strong><br \/>\nLa Chancellerie et les minist\u00e8res ouvrent leurs portes aux visiteurs. L&#8217;occasion unique de pouvoir rentrer dans ses b\u00e2timents charg\u00e9s d&#8217;histoire et \u00e0 l&#8217;architecture originale.<br \/>\nPlusieurs minist\u00e8res participants, date non communiqu\u00e9e<br \/>\nWeb: <a href=\"https:\/\/www.berlin.de\/events\/3135988-2229501-tag-der-offenen-tuer-der-bundesregierung.html\" target=\"_blank\" rel=\"noopener\">https:\/\/www.berlin.de\/events\/3135988-2229501-tag-der-offenen-tuer-der-bundesregierung.html<\/a><\/p>\n<p><strong>Marathon de Berlin<\/strong><br \/>\nArriv\u00e9e : Stra\u00dfe des 17. Juni, les 23 et 24 septembre 2017<br \/>\nWeb: <a href=\"http:\/\/www.bmw-berlin-marathon.com\/\" target=\"_blank\" rel=\"noopener\">http:\/\/www.bmw-berlin-marathon.com\/<\/a><\/p>\n<p><strong>Festival des lumi\u00e8res<\/strong><br \/>\nProjections et installations artistiques qui font briller Berlin et ses incontournables de mille feux \u00e0 l&#8217;automne.<br \/>\nBerlin leuchtet: plusieurs lieux, date non communiqu\u00e9e, Web: <a href=\"http:\/\/berlin-leuchtet.com\" target=\"_blank\" rel=\"noopener\">berlin-leuchtet.com<\/a><br \/>\nFestival of Lights: plusieurs lieux, du 6 au 15 octobre 2017, Web: <a href=\"http:\/\/festival-of-lights.de\" target=\"_blank\" rel=\"noopener\">festival-of-lights.de<\/a><\/p>\n<p><strong>1917. R\u00e9volution \u2013 Russie et Europe<\/strong><br \/>\nPour le centenaire de la R\u00e9volution russe, le Deutsches Historisches Museum pr\u00e9sente une exposition sur la signification et les cons\u00e9quences des \u00e9v\u00e9nements r\u00e9volutionnaires en 1917 en Russie sur le 20\u00e8me si\u00e8cle.<br \/>\nDeutsches Historisches Museum, du 20 octobre 2017 au 15 avril 2018<br \/>\nWeb: <a href=\"http:\/\/www.dhm.de\/en\/ausstellungen\/preview\/1917-revolution.html\" target=\"_blank\" rel=\"noopener\">http:\/\/www.dhm.de\/en\/ausstellungen\/preview\/1917-revolution.html<\/a> <\/p>\n<p><strong>Photo : Karneval der Kulturen | Carnival of Cultures \u00a9 <em>visitBerlin<\/em>, Foto: Philip Koschel<\/strong><\/p>\n<div id=\"social-media\">\n\t\t\t\t\t\t<span class=\"h3\">Partager<\/span>\n\t\t\t\t\t\t<ul>\n\t\t\t\t\t\t\t<li>\n\t\t\t\t\t\t\t\t<img src=\"https:\/\/www.walkberlin.com\/fr\/wp-content\/themes\/stylemag\/images\/social-media\/facebook_icon.png\" id=\"facebook\" class=\"socialbtn\" alt=\"\" \/>\n\t\t\t\t\t\t\t<\/li>\n\t\t\t\t\t\t\t<li>\n\t\t\t\t\t\t\t\t<img src=\"https:\/\/www.walkberlin.com\/fr\/wp-content\/themes\/stylemag\/images\/social-media\/twitter_icon.png\" id=\"twitter\" class=\"socialbtn\" alt=\"\" \/>\n\t\t\t\t\t\t\t<\/li>\n\t\t\t\t\t\t\t<li>\n\t\t\t\t\t\t\t\t<img src=\"https:\/\/www.walkberlin.com\/fr\/wp-content\/themes\/stylemag\/images\/social-media\/googleplus_icon.png\" id=\"googleplus\" class=\"socialbtn\" alt=\"\" \/>\n\t\t\t\t\t\t\t<\/li>\n\t\t\t\t\t\t\t<li>\n\t\t\t\t\t\t\t\t<img src=\"https:\/\/www.walkberlin.com\/fr\/wp-content\/themes\/stylemag\/images\/social-media\/pinterest_icon.png\" id=\"pinterest\" class=\"socialbtn\" alt=\"\" \/>\n\t\t\t\t\t\t\t<\/li>\n\t\t\t\t\t\t\t<li>\n\t\t\t\t\t\t\t\t<img src=\"https:\/\/www.walkberlin.com\/fr\/wp-content\/themes\/stylemag\/images\/social-media\/whatsapp_icon.png\" id=\"whatsapp\" class=\"socialbtn\" alt=\"\" \/>\n\t\t\t\t\t\t\t<\/li>\n\t\t\t\t\t\t\t<li>\n\t\t\t\t\t\t\t\t<img src=\"https:\/\/www.walkberlin.com\/fr\/wp-content\/themes\/stylemag\/images\/social-media\/email_icon.png\" id=\"email\" class=\"socialbtn\" alt=\"\" \/>\n\t\t\t\t\t\t\t<\/li>\n\t\t\t\t\t\t<\/ul>\n\t\t\t\t\t\t<\/div>\n\t\t\t\t\t\t\t<div class=\"widget-title-border\">\n\t\t\t\t\t\t<div class=\"widget-title-block\"><\/div>\n\t\t\t\t\t<\/div>","protected":false},"excerpt":{"rendered":"<p>Que nous r\u00e9serve Berlin en 2017&#8239;?&#8239;De nombreux \u00e9v\u00e9nements culturels et sportifs. Pour bien pr\u00e9parer votre s\u00e9jour,&#8239;WalkBerlin vous propose une s\u00e9lection d&#8217;expositions et d&#8217;\u00e9v\u00e9nements \u00e0 voir \u00e0 Berlin cette ann\u00e9e&#8239;: Photo : Karneval der Kulturen | Carnival of Cultures \u00a9 visitBerlin, Foto: Philip Koschel &#8220;Robert Doisneau &#8211; Photographies&#8221; D\u00e9couvrez l&#8217;ensemble des photos du photographe dans le<\/p>\n","protected":false},"author":2,"featured_media":2364,"comment_status":"closed","ping_status":"closed","sticky":false,"template":"","format":"standard","meta":[],"categories":[1,20,37],"tags":[33,7,38,25],"_links":{"self":[{"href":"https:\/\/www.walkberlin.com\/fr\/wp-json\/wp\/v2\/posts\/2294"}],"collection":[{"href":"https:\/\/www.walkberlin.com\/fr\/wp-json\/wp\/v2\/posts"}],"about":[{"href":"https:\/\/www.walkberlin.com\/fr\/wp-json\/wp\/v2\/types\/post"}],"author":[{"embeddable":true,"href":"https:\/\/www.walkberlin.com\/fr\/wp-json\/wp\/v2\/users\/2"}],"replies":[{"embeddable":true,"href":"https:\/\/www.walkberlin.com\/fr\/wp-json\/wp\/v2\/comments?post=2294"}],"version-history":[{"count":19,"href":"https:\/\/www.walkberlin.com\/fr\/wp-json\/wp\/v2\/posts\/2294\/revisions"}],"predecessor-version":[{"id":3159,"href":"https:\/\/www.walkberlin.com\/fr\/wp-json\/wp\/v2\/posts\/2294\/revisions\/3159"}],"wp:featuredmedia":[{"embeddable":true,"href":"https:\/\/www.walkberlin.com\/fr\/wp-json\/wp\/v2\/media\/2364"}],"wp:attachment":[{"href":"https:\/\/www.walkberlin.com\/fr\/wp-json\/wp\/v2\/media?parent=2294"}],"wp:term":[{"taxonomy":"category","embeddable":true,"href":"https:\/\/www.walkberlin.com\/fr\/wp-json\/wp\/v2\/categories?post=2294"},{"taxonomy":"post_tag","embeddable":true,"href":"https:\/\/www.walkberlin.com\/fr\/wp-json\/wp\/v2\/tags?post=2294"}],"curies":[{"name":"wp","href":"https:\/\/api.w.org\/{rel}","templated":true}]}}