{"id":2575,"date":"2019-12-09T10:56:32","date_gmt":"2019-12-09T08:56:32","guid":{"rendered":"https:\/\/www.walkberlin.com\/fr\/?p=2575"},"modified":"2021-07-25T13:24:47","modified_gmt":"2021-07-25T11:24:47","slug":"les-marches-de-noel-a-berlin","status":"publish","type":"post","link":"https:\/\/www.walkberlin.com\/fr\/les-marches-de-noel-a-berlin\/","title":{"rendered":"Les march\u00e9s de No\u00ebl \u00e0 Berlin"},"content":{"rendered":"<p><strong>Visiter Berlin en fin d&#8217;ann\u00e9e, c&#8217;est entrer dans le monde de l&#8217;Avent. Les jours raccourcissent, les temp\u00e9ratures baissent mais les march\u00e9s de No\u00ebl vous invitent \u00e0 d\u00e9couvrir la magie de No\u00ebl d\u00e8s le premier dimanche de l&#8217;Avent. Traditionnels, modernes, il y en a pour tous les go\u00fbts. Voici les plus beaux :<\/strong><\/p>\r\n<p><img loading=\"lazy\" class=\"wp-image-3051 size-full\" src=\"https:\/\/www.walkberlin.com\/fr\/wp-content\/uploads\/sites\/3\/2019\/12\/marchedenoel.jpg\" alt=\"March\u00e9 de Noel Berlin Potsdamer Platz\" width=\"640\" height=\"480\" srcset=\"https:\/\/www.walkberlin.com\/fr\/wp-content\/uploads\/sites\/3\/2019\/12\/marchedenoel.jpg 640w, https:\/\/www.walkberlin.com\/fr\/wp-content\/uploads\/sites\/3\/2019\/12\/marchedenoel-267x200.jpg 267w, https:\/\/www.walkberlin.com\/fr\/wp-content\/uploads\/sites\/3\/2019\/12\/marchedenoel-100x75.jpg 100w\" sizes=\"(max-width: 640px) 100vw, 640px\" \/><\/p>\r\n<p><strong>Le march\u00e9 de No\u00ebl\u00a0 sur le Gendarmenmarkt<\/strong><br \/><span style=\"font-size: inherit;\">Sur une des plus belles places de Berlin, le march\u00e9 de No\u00ebl sur le <\/span><a style=\"font-size: inherit;\" href=\"https:\/\/www.walkberlin.com\/fr\/le-gendarmenmarkt\/\">Gendarmenmarkt<\/a><span style=\"font-size: inherit;\"> est aussi un des plus beaux et des plus traditionnels. D\u00e8s fin novembre, la place se transforme en village de No\u00ebl avec un d\u00e9cor inoubliable : les d\u00f4mes fran\u00e7ais et allemands \u00e9clair\u00e9s. Un programme son et lumi\u00e8res, des spectacles d&#8217;artistes et d&#8217;acrobates, du vin chaud, des biscuits traditionnels, mais aussi des sp\u00e9cialit\u00e9s de la cuisine autrichienne, bavaroise, tch\u00e8que et berlinoise vous sont propos\u00e9s tous les jours du 25 novembre au 31 d\u00e9cembre de 11 heures \u00e0 22 heures &#8211; le 24 d\u00e9cembre jusqu&#8217;\u00e0 18 heures. A partir de 14 heures, l&#8217;entr\u00e9e co\u00fbte 1 euro.<\/span><\/p>\r\n<p><strong>Au pied de l&#8217;\u00c9glise du Souvenir sur la Breitscheidplatz<\/strong><br \/>Autre lieu historique, autre d\u00e9cor, autre quartier : la Breitscheidplatz au pied de l&#8217;Eglise du Souvenir et d&#8217;un \u00e9norme sapin de No\u00ebl. Un march\u00e9 de No\u00ebl pour jeunes et moins jeunes avec grand-roue, stands de sucreries et de vin chaud et des feux d&#8217;artifice \u00e0 18, 20, 22 heures et minuit. Ouvert tous les jours du 25 novembre au 5 janvier 2020 de 11 heures \u00e0 22 heures &#8211; le 24 d\u00e9cembre de 11 heures \u00e0 14 heures, les 25, 26 d\u00e9cembre et 1er janvier de 13 heures \u00e0 21 heures.<\/p>\r\n<p><strong>Le march\u00e9 alternatif du Klunkerkranich<\/strong><br \/>Un march\u00e9 de No\u00ebl en hauteur. Sur le toit du centre commercial Neuk\u00f6lln-Arkaden dans l&#8217;arrondissement de Neuk\u00f6lln, le bar club-resto-jardin-terrasse Klunkerkranich vous propose aussi un march\u00e9 de No\u00ebl en d\u00e9cembre. Vin chaud, punch, sucreries typiques et originales, un programme musical et des stands originaux. Ouvert uniquement les trois premiers week-end de l&#8217;Avent, le samedi et le dimanche de 14 heures \u00e0 20 heures. L&#8217;entr\u00e9e co\u00fbte 1\u20ac en journ\u00e9e, entre 3 et 5\u20ac le soir, selon le programme propos\u00e9.<\/p>\r\n<p><strong>Ambiance m\u00e9di\u00e9vale au RAW-Tempel<\/strong><br \/>Connu pour ses clubs et ses manifestations artistiques, le RAW-Tempel se transforme aussi en march\u00e9 de No\u00ebl pendant le mois de l&#8217;Avent. Ici, c&#8217;est un petit village m\u00e9di\u00e9val avec ses jongleurs et acrobates et o\u00f9 artisans potiers, forgerons et sculpteurs pr\u00e9sentent leur m\u00e9tier au milieu des stands de vin chaud, de <a href=\"https:\/\/www.marieclaire.fr\/cuisine\/feuerzangenbowle-punch-traditionnel-allemand,1212231.asp\" target=\"_blank\" rel=\"noopener noreferrer\">Feuerzangenbowle<\/a> et d&#8217;hydromel. Activit\u00e9s propos\u00e9es : grand-roue, man\u00e8ge, tir-\u00e0-l&#8217;arc et \u00e0 l&#8217;arbal\u00e8te. Du 23 novembre au 22 d\u00e9cembre, entr\u00e9e gratuite du lundi au mercredi, 2\u20ac les autres jours.<\/p>\r\n<p><strong>Traditionnel et alternatif dans la Sophienstra\u00dfe<\/strong><br \/>Dans le coeur historique de Berlin et une des plus vieilles rues de la ville. Le march\u00e9 de No\u00ebl de la Sophiestra\u00dfe est un vrai march\u00e9 de No\u00ebl ! Si vous ne deviez en voir qu&#8217;un, alors celui-ci. A croire que l&#8217;expression : &#8220;la magie de No\u00ebl&#8221; a \u00e9t\u00e9 imagin\u00e9e pour d\u00e9crire cette ambiance f\u00e9erique et authentique. Tout aussi authentiques : les produits artisanaux propos\u00e9s. Pas de &#8220;products made in China&#8221; mais des produits locaux, bios et \u00e9quitables. A d\u00e9couvrir les week-end de l&#8217;Avent de 12h \u00e0 20h le samedi et de 11h \u00e0 19h le dimanche.<\/p>\r\n<p><strong>Le March\u00e9 de No\u00ebl Lucia dans la Kulturbrauerei<br \/><\/strong>L&#8217;architecture du site est d\u00e9j\u00e0 un bijou en soi. Mais \u00e0 No\u00ebl, les briques s&#8217;\u00e9clairent, les personnages magiques vous entrainent et les stands vous r\u00e9galent. Le march\u00e9 de No\u00ebl Lucia dans les deux cours de la Kulturbrauerei est plac\u00e9 sous le signe de Lucia qui apporte la lumi\u00e8re l&#8217;hiver dans les pays scandinaves. Un programme pour petits et grands du 25 novembre au 22 d\u00e9cembre du lundi au vendredi de 15h \u00e0 22h et du samedi au dimanche de 13h \u00e0 22h.<\/p>\r\n<p><strong>Incontournable et touristique : le Sony Center<br \/><\/strong>Sur une des places les plus modernes et neuves de Berlin, ce march\u00e9 de No\u00ebl au pied des tours de la Potsdamer Platz vous propose toute la palette des produits de No\u00ebl : sp\u00e9cialit\u00e9s culinaires, jeux, piste de luge et patinoire. La Potsdamer Platz grouille en journ\u00e9e : pi\u00e9tons, automobilistes et cyclistes se disputent ce gros carrefour pendant les heures de bureau. Le soir, gr\u00e2ce aux stands, la place s&#8217;\u00e9claire, enfin ! En prime, le Sony Center \u00e9clair\u00e9. Jusqu&#8217;au 5 janvier 2020.<\/p>\r\n<p><strong>Coulisse baroque pour le Ch\u00e2teau de Charlottenburg<\/strong> <br \/>Ambiance baroque pour ce march\u00e9 de No\u00ebl dans le parc du ch\u00e2teau de Charlottenbourg. Le ch\u00e2teau de Charlottenbourg est un des incontournables de Berlin &#8211; si on aime les ch\u00e2teau. Alors pourquoi ne pas allier l&#8217;utile \u00e0 l&#8217;agr\u00e9able en s&#8217;offrant une assiette de champignons et un verre de vin chaud apr\u00e8s la visite de la r\u00e9sidence d&#8217;\u00e9t\u00e9 des Hohenzollern.\u00a0 Du 25 novembre au 26 d\u00e9cembre 2019.<\/p>\r\n\r\n\r\n<p><\/p>\r\n<div id=\"social-media\">\n\t\t\t\t\t\t<span class=\"h3\">Partager<\/span>\n\t\t\t\t\t\t<ul>\n\t\t\t\t\t\t\t<li>\n\t\t\t\t\t\t\t\t<img src=\"https:\/\/www.walkberlin.com\/fr\/wp-content\/themes\/stylemag\/images\/social-media\/facebook_icon.png\" id=\"facebook\" class=\"socialbtn\" alt=\"\" \/>\n\t\t\t\t\t\t\t<\/li>\n\t\t\t\t\t\t\t<li>\n\t\t\t\t\t\t\t\t<img src=\"https:\/\/www.walkberlin.com\/fr\/wp-content\/themes\/stylemag\/images\/social-media\/twitter_icon.png\" id=\"twitter\" class=\"socialbtn\" alt=\"\" \/>\n\t\t\t\t\t\t\t<\/li>\n\t\t\t\t\t\t\t<li>\n\t\t\t\t\t\t\t\t<img src=\"https:\/\/www.walkberlin.com\/fr\/wp-content\/themes\/stylemag\/images\/social-media\/googleplus_icon.png\" id=\"googleplus\" class=\"socialbtn\" alt=\"\" \/>\n\t\t\t\t\t\t\t<\/li>\n\t\t\t\t\t\t\t<li>\n\t\t\t\t\t\t\t\t<img src=\"https:\/\/www.walkberlin.com\/fr\/wp-content\/themes\/stylemag\/images\/social-media\/pinterest_icon.png\" id=\"pinterest\" class=\"socialbtn\" alt=\"\" \/>\n\t\t\t\t\t\t\t<\/li>\n\t\t\t\t\t\t\t<li>\n\t\t\t\t\t\t\t\t<img src=\"https:\/\/www.walkberlin.com\/fr\/wp-content\/themes\/stylemag\/images\/social-media\/whatsapp_icon.png\" id=\"whatsapp\" class=\"socialbtn\" alt=\"\" \/>\n\t\t\t\t\t\t\t<\/li>\n\t\t\t\t\t\t\t<li>\n\t\t\t\t\t\t\t\t<img src=\"https:\/\/www.walkberlin.com\/fr\/wp-content\/themes\/stylemag\/images\/social-media\/email_icon.png\" id=\"email\" class=\"socialbtn\" alt=\"\" \/>\n\t\t\t\t\t\t\t<\/li>\n\t\t\t\t\t\t<\/ul>\n\t\t\t\t\t\t<\/div>\n\t\t\t\t\t\t\t<div class=\"widget-title-border\">\n\t\t\t\t\t\t<div class=\"widget-title-block\"><\/div>\n\t\t\t\t\t<\/div>","protected":false},"excerpt":{"rendered":"<p>Visiter Berlin en fin d&#8217;ann\u00e9e, c&#8217;est entrer dans le monde de l&#8217;Avent. Les jours raccourcissent, les temp\u00e9ratures baissent mais les march\u00e9s de No\u00ebl vous invitent \u00e0 d\u00e9couvrir la magie de No\u00ebl d\u00e8s le premier dimanche de l&#8217;Avent. Traditionnels, modernes, il y en a pour tous les go\u00fbts. Voici les plus beaux : Le march\u00e9 de<\/p>\n","protected":false},"author":2,"featured_media":3051,"comment_status":"closed","ping_status":"closed","sticky":false,"template":"","format":"standard","meta":[],"categories":[1,20,37],"tags":[],"_links":{"self":[{"href":"https:\/\/www.walkberlin.com\/fr\/wp-json\/wp\/v2\/posts\/2575"}],"collection":[{"href":"https:\/\/www.walkberlin.com\/fr\/wp-json\/wp\/v2\/posts"}],"about":[{"href":"https:\/\/www.walkberlin.com\/fr\/wp-json\/wp\/v2\/types\/post"}],"author":[{"embeddable":true,"href":"https:\/\/www.walkberlin.com\/fr\/wp-json\/wp\/v2\/users\/2"}],"replies":[{"embeddable":true,"href":"https:\/\/www.walkberlin.com\/fr\/wp-json\/wp\/v2\/comments?post=2575"}],"version-history":[{"count":56,"href":"https:\/\/www.walkberlin.com\/fr\/wp-json\/wp\/v2\/posts\/2575\/revisions"}],"predecessor-version":[{"id":3058,"href":"https:\/\/www.walkberlin.com\/fr\/wp-json\/wp\/v2\/posts\/2575\/revisions\/3058"}],"wp:featuredmedia":[{"embeddable":true,"href":"https:\/\/www.walkberlin.com\/fr\/wp-json\/wp\/v2\/media\/3051"}],"wp:attachment":[{"href":"https:\/\/www.walkberlin.com\/fr\/wp-json\/wp\/v2\/media?parent=2575"}],"wp:term":[{"taxonomy":"category","embeddable":true,"href":"https:\/\/www.walkberlin.com\/fr\/wp-json\/wp\/v2\/categories?post=2575"},{"taxonomy":"post_tag","embeddable":true,"href":"https:\/\/www.walkberlin.com\/fr\/wp-json\/wp\/v2\/tags?post=2575"}],"curies":[{"name":"wp","href":"https:\/\/api.w.org\/{rel}","templated":true}]}}