{"id":2647,"date":"2018-07-11T18:04:03","date_gmt":"2018-07-11T16:04:03","guid":{"rendered":"https:\/\/www.walkberlin.com\/fr\/?p=2647"},"modified":"2023-05-11T15:14:21","modified_gmt":"2023-05-11T13:14:21","slug":"musees-ouverts-le-lundi-a-berlin","status":"publish","type":"post","link":"https:\/\/www.walkberlin.com\/fr\/musees-ouverts-le-lundi-a-berlin\/","title":{"rendered":"Mus\u00e9es ouverts le lundi \u00e0 Berlin"},"content":{"rendered":"<p><strong>A Berlin, les mus\u00e9es sont normalement ferm\u00e9s le lundi &#8211; mais pas tous. Pour organiser votre s\u00e9jour au mieux, WalkBerlin vous pr\u00e9sente une s\u00e9lection de mus\u00e9es berlinois que vous pouvez visiter le lundi. Le mus\u00e9e de la RDA et le panorama d&#8217;Asisi peuvent aussi \u00eatre visit\u00e9s le lundi et sont pr\u00e9sent\u00e9s dans la rubrique <a href=\"https:\/\/www.walkberlin.com\/fr\/blog\/musees-de-berlin\/\">Mus\u00e9es de Berlin<\/a>. Les m\u00e9moriaux, eux, sont ouverts tous les jours de la semaine. <\/strong><\/p>\n<p><img loading=\"lazy\" width=\"1024\" height=\"683\" class=\"alignnone size-full wp-image-2745\" src=\"https:\/\/www.walkberlin.com\/fr\/wp-content\/uploads\/sites\/3\/2018\/07\/madame_tussauds_foto.jpg\" alt=\"Madame Tussauds Berlin\" srcset=\"https:\/\/www.walkberlin.com\/fr\/wp-content\/uploads\/sites\/3\/2018\/07\/madame_tussauds_foto.jpg 1024w, https:\/\/www.walkberlin.com\/fr\/wp-content\/uploads\/sites\/3\/2018\/07\/madame_tussauds_foto-300x200.jpg 300w, https:\/\/www.walkberlin.com\/fr\/wp-content\/uploads\/sites\/3\/2018\/07\/madame_tussauds_foto-768x512.jpg 768w, https:\/\/www.walkberlin.com\/fr\/wp-content\/uploads\/sites\/3\/2018\/07\/madame_tussauds_foto-100x67.jpg 100w, https:\/\/www.walkberlin.com\/fr\/wp-content\/uploads\/sites\/3\/2018\/07\/madame_tussauds_foto-330x220.jpg 330w, https:\/\/www.walkberlin.com\/fr\/wp-content\/uploads\/sites\/3\/2018\/07\/madame_tussauds_foto-200x133.jpg 200w\" sizes=\"(max-width: 1024px) 100vw, 1024px\" \/><\/p>\n<h2>Les mus\u00e9es d&#8217;Histoire<\/h2>\n<p><strong>Black Box &#8211; mus\u00e9e de la Guerre froide<\/strong><br \/>\nFace au c\u00e9l\u00e8bre <a href=\"https:\/\/www.walkberlin.com\/fr\/checkpoint-charlie\/\">Checkpoint Charlie<\/a>, le mus\u00e9e de la Black Box propose une exposition sur la Guerre froide \u00e0 Berlin, en Allemagne et dans le monde. Pour un tel sujet, l&#8217;emplacement du mus\u00e9e ne pouvait pas \u00eatre mieux choisi : le site historique de la confrontation des chars sovi\u00e9tiques et am\u00e9ricains en octobre 1961 dans la Friedrichstra\u00dfe \u00e0 Checkpoint Charlie. L&#8217;\u00e9v\u00e9nement qui va faire trembler les Berlinois et le monde pendant 16 heures est pr\u00e9sent\u00e9 dans l&#8217;une des 16 stations de l&#8217;exposition. Apr\u00e8s un rappel sur l&#8217;\u00e9tat du monde \u00e0 la fin de la Seconde guerre mondiale, on passe au vif du sujet : la Guerre froide jusqu&#8217;\u00e0 la chute de l&#8217;URSS, documents et t\u00e9moignages \u00e0 l&#8217;appui, et ses cons\u00e9quences dans les conflits aujourd&#8217;hui.<br \/>\n<div id=\"tabs-black-box\">\n<div class=\"msg default clearfix\"><p>\n<strong>Internet :<\/strong> <a href=\"http:\/\/www.bfgg.de\/en\/centre-of-cold-war\/blackbox-cold-war.html\" target=\"_blank\" rel=\"noopener noreferrer\">Black Box<\/a><br \/>\n<strong>Adresse :<\/strong> \u00e0 l&#8217;angle des rues Friedrichstra\u00dfe 47 et Zimmerstra\u00dfe, 10117 Berlin<br \/>\n<strong>Horaires d&#8217;ouverture :<\/strong> tous les jours de 10h \u00e0 18h.<br \/>\n<strong>Entr\u00e9e :<\/strong> 5\u20ac, r\u00e9duit\u00a0: 3,50\u20ac, gratuit pour les moins de 14 ans.<br \/>\n<\/p><\/div>\n<\/div>\n<p><strong>Mus\u00e9e du Mur \u00e0 Checkpoint Charlie<\/strong><br \/>\nDerri\u00e8re la reconstitution de Checkpoint Charlie, le fameux mus\u00e9e du Mur \u00e0 Checkpoint Charlie. Fond\u00e9 imm\u00e9diatement apr\u00e8s la construction du mur de Berlin, il documente depuis 1962 les \u00e9vasions r\u00e9ussies des citoyens de la RDA avec les objets originaux. Montgolfi\u00e8re, mini sous-marin, voitures au coffre modifi\u00e9&#8230; Vous trouverez la plupart de ces objets utilis\u00e9s lors des \u00e9vasions pour d\u00e9jouer les diff\u00e9rents contr\u00f4les et rejoindre la RFA. Apr\u00e8s la chute du Mur, la r\u00e9unification, \u00e9galement document\u00e9e dans l&#8217;exposition.<br \/>\n<div id=\"tabs-musee-du-mur-a-checkpoint-charlie\">\n<div class=\"msg default clearfix\"><p>\n<strong>Internet :<\/strong> <a href=\"http:\/\/www.mauermuseum.de\/img\/flyer_mhacc_franz.pdf\" target=\"_blank\" rel=\"noopener noreferrer\">Mus\u00e9e du mur \u00e0 Checkpoint Charlie<\/a><br \/>\n<strong>Adresse :<\/strong> Friedrichstra\u00dfe 43-45, 10969 Berlin<br \/>\n<strong>Horaires d&#8217;ouverture :<\/strong> tous les jours de 9h \u00e0 22h.<br \/>\n<strong>Entr\u00e9e :<\/strong> 14,50\u20ac, \u00e9tudiant\u00a0: 9,50\u20ac, scolaires 7-18 ans\u00a0: 7,50\u20ac, gratuit pour les moins de 6 ans.<br \/>\n<\/p><\/div>\n<\/div>\n<p><strong>Mus\u00e9e de l&#8217;Histoire allemande (Deutsches Historisches Museum)<\/strong><br \/>\nUne exposition permanente sur 1500 ans d&#8217;histoire de l&#8217;Allemagne de Charlemagne \u00e0 la r\u00e9unification. Les \u00e9v\u00e9nements qui ont marqu\u00e9 le pass\u00e9 de l&#8217;Allemagne dans un contexte international mais aussi le quotidien de ses habitants sont pr\u00e9sent\u00e9s par une collection d&#8217;objets impressionnante &#8211; 7000 en tout &#8211; sur 2 \u00e9tages. Pr\u00e9voir plus de 2 heures de visite. Le mus\u00e9e propose aussi des expositions temporaires sur les sujets les plus divers mais toujours en lien avec l&#8217;histoire de l&#8217;Allemagne.<br \/>\n<div id=\"tabs-musee-de-lhistoire-allemande\">\n<div class=\"msg default clearfix\"><p>\n<strong>Internet :<\/strong> <a href=\"https:\/\/www.dhm.de\/fileadmin\/medien\/relaunch\/ausstellunngen\/DA\/13112017_DHM_Dauerausstellung_Flyer_FR-IT_RZ.pdf\" target=\"_blank\" rel=\"noopener noreferrer\">Mus\u00e9e de l&#8217;Histoire allemande<\/a><br \/>\n<strong>Adresse :<\/strong> Unter den Linden 2, 10117 Berlin<br \/>\n<strong>Horaires d&#8217;ouverture :<\/strong> tous les jours de 10h \u00e0 18h.<br \/>\n<strong>Entr\u00e9e :<\/strong> 8\u20ac, r\u00e9duit\u00a0: 4\u20ac.<br \/>\n<\/p><\/div>\n<\/div>\n<p><strong>Mus\u00e9e allemand de l\u2019espionnage<\/strong><br \/>\nBerlin, th\u00e9\u00e2tre de la Guerre froide et ville des espions. Une exposition compl\u00e8te et interactive sur l&#8217;histoire de l&#8217;espionnage depuis les \u00e9claireurs dans la Bible aux techniques d&#8217;espionnage modernes d&#8217;aujourd&#8217;hui. D\u00e9couvrez les objets les plus cr\u00e9atifs des espions et leurs histoires : cam\u00e9ra cach\u00e9e dans le soutien-gorge, micro dans la chaussure ou encore parapluie avec fl\u00e8che empoisonn\u00e9e utilis\u00e9s dans James Bond. Pratique : essayez vous-m\u00eame de d\u00e9chiffrer codes et autres mots de passe ou de pirater des sites Internet.<br \/>\n<div id=\"tabs-musee-allemand-de-lespionnage\">\n<div class=\"msg default clearfix\"><p>\n<strong>Internet :<\/strong> <a href=\"https:\/\/www.deutsches-spionagemuseum.de\/en\/\" target=\"_blank\" rel=\"noopener noreferrer\">Mus\u00e9e allemand de l&#8217;espionnage<\/a><br \/>\n<strong>Adresse :<\/strong> Leipziger Platz 9, 10117 Berlin<br \/>\n<strong>Horaires d&#8217;ouverture :<\/strong> tous les jours de 10h \u00e0 20h.<br \/>\n<strong>Entr\u00e9e :<\/strong> 12\u20ac, r\u00e9duit\u00a0: 8\u20ac, gratuit pour les moins de 6 ans.<br \/>\n<\/p><\/div>\n<\/div>\n<p><strong>Mus\u00e9e de la Stasi<\/strong><br \/>\nOuvert sur le site historique de l&#8217;ancienne centrale du minist\u00e8re de la S\u00e9curit\u00e9 de l&#8217;\u00c9tat, au num\u00e9ro 1 de la Ruschestra\u00dfe d\u00e8s 1990, le mus\u00e9e de la Stasi pr\u00e9sente un des piliers du r\u00e9gime est-allemand jusqu&#8217;\u00e0 sa chute : le minist\u00e8re de la S\u00e9curit\u00e9 et de l&#8217;\u00c9tat. L&#8217;\u00e9tage de son directeur, Erich Mielke, a \u00e9t\u00e9 conserv\u00e9 en l&#8217;\u00e9tat. Depuis 2015, l&#8217;association pr\u00e9sente l&#8217;exposition permanente &#8220;Stasi sous la dictature du SED&#8221;, r\u00e9alis\u00e9e en partenariat avec la <a href=\"https:\/\/www.bstu.bund.de\/EN\/Home\/home_node.html\" target=\"_blank\" rel=\"noopener noreferrer\">Commission f\u00e9d\u00e9rale charg\u00e9e des archives de la Stasi<\/a>. Sur 3 \u00e9tages, on entre dans le syst\u00e8me Stasi : fonction, domaines d&#8217;action, d\u00e9veloppement, m\u00e9thodes et acteurs.<br \/>\n<div id=\"tabs-musee-de-la-stasi\">\n<div class=\"msg default clearfix\"><p>\n<strong>Internet :<\/strong> <a href=\"http:\/\/www.stasimuseum.de\/fr\/frausstellung.htm\">Mus\u00e9e de la Stasi<\/a><br \/>\n<strong>Adresse :<\/strong> Ruschestra\u00dfe 103, Haus 1, 10365 Berlin<br \/>\n<strong>Horaires d&#8217;ouverture :<\/strong> du lundi au vendredi de 10h \u00e0 18h, samedi et dimanche de 11h \u00e0 18h, jours f\u00e9ri\u00e9s de 11h \u00e0 18h.<br \/>\n<strong>Entr\u00e9e :<\/strong> 6\u20ac, r\u00e9duit\u00a0: 4,50\u20ac, jeunes \u00e0 partir de 12 ans : 3\u20ac.<br \/>\n<\/p><\/div>\n<\/div>\n<h2>Les mus\u00e9es d&#8217;Art<\/h2>\n<p><strong>Mus\u00e9e Juif de Berlin<\/strong><br \/>\nHistoire, art et architecture, ce sont les 3 piliers du Mus\u00e9e juif de Berlin. Construit pour le nouveau Mus\u00e9e juif de Berlin, le b\u00e2timent de Daniel Libeskind interpelle par son architecture non conventionnelle et participative. &#8220;Between the lines&#8221;, c&#8217;est ainsi que l&#8217;architecte am\u00e9ricain a baptis\u00e9 ce b\u00e2timent en forme de zig-zag pour repr\u00e9senter l&#8217;histoire juive-allemande. Libeskind fait appel aux sens, au ressenti et \u00e0 l&#8217;interpr\u00e9tation. Attention : l&#8217;exposition permanente est actuellement en r\u00e9novation mais les axes, les espaces vides et le jardin sont accessibles. L&#8217;exposition &#8220;<a href=\"https:\/\/www.jmberlin.de\/en\/exhibition-a-is-for-jewish\">A is for Jewish<\/a>&#8221; est pr\u00e9sent\u00e9e dans le 2\u00e8me b\u00e2timent du Mus\u00e9e juif jusqu&#8217;en septembre 2019.<br \/>\n<div id=\"tabs-musee-juif-de-berlin\">\n<div class=\"msg default clearfix\"><p>\n<strong>Internet :<\/strong> <a href=\"https:\/\/www.jmberlin.de\/en\" target=\"_blank\" rel=\"noopener noreferrer\">Mus\u00e9e juif de Berlin<\/a><br \/>\n<strong>Adresse :<\/strong> Lindenstra\u00dfe 9-14, 10969 Berlin<br \/>\n<strong>Horaires d&#8217;ouverture :<\/strong> tous les jours de 10h \u00e0 20h.<br \/>\n<strong>Entr\u00e9e :<\/strong> 8\u20ac, r\u00e9duit\u00a0: 3\u20ac, gratuit pour les moins de 6 ans.<br \/>\n<\/p><\/div>\n<\/div>\n<p><strong>Villa-Liebermann<\/strong><br \/>\nLa Villa-Liebermann, c&#8217;est l&#8217;ancienne r\u00e9sidence d&#8217;\u00e9t\u00e9 du peintre allemand Max Liebermann au bord du lac Wannsee. C&#8217;est dans son &#8220;ch\u00e2teau du lac&#8221;, comme l&#8217;appelait l&#8217;artiste, que sont pr\u00e9sent\u00e9es ses peintures, pastels et dessins, nombre d&#8217;entre eux r\u00e9alis\u00e9s ici, dans ce cadre idyllique. Un lieu choisi, d\u00e9di\u00e9 au peintre et dessin\u00e9 par Liebermann lui-m\u00eame. Des expositions temporaires compl\u00e8tent la collection par des \u0153uvres de ses contemporains et des mises en perspective. En plus : le jardin de Liebermann qui l&#8217;inspira et le caf\u00e9 Max.<br \/>\n<div id=\"tabs-villa-liebermann\">\n<div class=\"msg default clearfix\"><p>\n<strong>Internet :<\/strong> <a href=\"https:\/\/www.liebermann-villa.de\/en\/start.html\" target=\"_blank\" rel=\"noopener noreferrer\">Villa-Liebermann am Wannsee<\/a><br \/>\n<strong>Adresse :<\/strong> Colomierstr. 3, 14109 Berlin<br \/>\n<strong>Horaires d&#8217;ouverture :<\/strong> d&#8217;avril \u00e0 septembre : tous les jours de 10h \u00e0 18h sauf le mardi et d&#8217;octobre \u00e0 mars : tous les jours de 11h \u00e0 17h sauf le mardi.<br \/>\n<strong>Entr\u00e9e :<\/strong> 8\u20ac, r\u00e9duit\u00a0: 5\u20ac, gratuit pour les moins de 14 ans.<br \/>\n<\/p><\/div>\n<\/div>\n<p><strong>Mus\u00e9e de Pergame<\/strong><br \/>\nLe seul des mus\u00e9es de l&#8217;\u00eele ouvert le lundi et qui est triple : la collection d&#8217;antiquit\u00e9s, le mus\u00e9e du Proche-Orient et le mus\u00e9e d&#8217;art islamique. Ses tr\u00e9sors : l&#8217;autel de Pergame, la porte du march\u00e9 romain de Milet et la porte d&#8217;Ishtar, la rue processionnelle de Babylone et la fa\u00e7ade du palais de Mchatta.<br \/>\nEn travaux et en r\u00e9novation. Les travaux avancent sur l&#8217;\u00eele. Le \u00ab plan de l&#8217;\u00eele aux mus\u00e9es \u00bb pr\u00e9voit de relier le mus\u00e9e de Pergame au Vieux mus\u00e9e, au Nouveau mus\u00e9e et au Mus\u00e9e de Bode par la \u00ab promenade arch\u00e9ologique \u00bb. Quant au mus\u00e9e de Pergame, attention : une partie de l&#8217;expo est ferm\u00e9e jusqu&#8217;en 2023, dont la salle pr\u00e9sentant l&#8217;autel de Pergame ! Ouverts pendant les travaux : la porte d&#8217;Ishtar, la rue processionnelle, la porte du march\u00e9 romain de Milet et le mus\u00e9e d&#8217;art islamique.<br \/>\n<div id=\"tabs-musee-de-pergame\">\n<div class=\"msg default clearfix\"><p>\n<strong>Internet :<\/strong> <a href=\"https:\/\/www.smb.museum\/en\/museums-institutions\/pergamonmuseum\/home.html\">Mus\u00e9e de Pergame<\/a><br \/>\n<strong>Adresse :<\/strong> Bodestra\u00dfe, 10178 Berlin<br \/>\n<strong>Horaires d&#8217;ouverture :<\/strong> tous les jours de 10h \u00e0 18h, jeudi jusqu&#8217;\u00e0 20h.<br \/>\n<strong>Entr\u00e9e :<\/strong> 19,50\u20ac, r\u00e9duit\u00a0: 9,50\u20ac.<br \/>\n<\/p><\/div>\n<\/div>\n<p><strong>Martin-Gropius-Bau<\/strong><br \/>\nUn des mus\u00e9es les plus visit\u00e9s de Berlin et pour cause. Le Martin-Gropius-Bau pla\u00eet pour son architecture, son histoire et ses expositions. Il a \u00e9t\u00e9 construit en 1881 dans le style de la Renaissance italienne sur les plans de Martin Gropius, grand-oncle d&#8217;un autre architecte, Walter Gropius. Sa fa\u00e7ade surprend dans ce quartier de Berlin : des mosa\u00efques, des all\u00e9gories, des armoiries de villes allemandes, des statues. Fortement endommag\u00e9 pendant la Seconde guerre mondiale, il se trouve au pied du Mur de Berlin \u00e0 partir de 1961. Ancien Mus\u00e9e des arts d\u00e9coratifs, il pr\u00e9sente aujourd&#8217;hui ces expositions temporaires qui font le tour du monde.<br \/>\n<div id=\"tabs-martin-gropius-bau\">\n<div class=\"msg default clearfix\"><p>\n<strong>Internet :<\/strong> <a href=\"https:\/\/www.berlinerfestspiele.de\/en\/aktuell\/festivals\/gropiusbau\/kontakt_mgb_1\/kontaktmgb.php\">Martin-Gropius-Bau<\/a><br \/>\n<strong>Adresse :<\/strong> Niederkirchnerstra\u00dfe 7, 10963 Berlin<br \/>\n<strong>Horaires d&#8217;ouverture :<\/strong> du mercredi au lundi de 10h \u00e0 19h. Ferm\u00e9 le mardi.<br \/>\n<strong>Entr\u00e9e :<\/strong> 10-12\u20ac, r\u00e9duit\u00a0: 6-6,50\u20ac selon les expos.<br \/>\n<\/p><\/div>\n<\/div>\n<div id=\"social-media\">\n\t\t\t\t\t\t<span class=\"h3\">Partager<\/span>\n\t\t\t\t\t\t<ul>\n\t\t\t\t\t\t\t<li>\n\t\t\t\t\t\t\t\t<img src=\"https:\/\/www.walkberlin.com\/fr\/wp-content\/themes\/stylemag\/images\/social-media\/facebook_icon.png\" id=\"facebook\" class=\"socialbtn\" alt=\"\" \/>\n\t\t\t\t\t\t\t<\/li>\n\t\t\t\t\t\t\t<li>\n\t\t\t\t\t\t\t\t<img src=\"https:\/\/www.walkberlin.com\/fr\/wp-content\/themes\/stylemag\/images\/social-media\/twitter_icon.png\" id=\"twitter\" class=\"socialbtn\" alt=\"\" \/>\n\t\t\t\t\t\t\t<\/li>\n\t\t\t\t\t\t\t<li>\n\t\t\t\t\t\t\t\t<img src=\"https:\/\/www.walkberlin.com\/fr\/wp-content\/themes\/stylemag\/images\/social-media\/googleplus_icon.png\" id=\"googleplus\" class=\"socialbtn\" alt=\"\" \/>\n\t\t\t\t\t\t\t<\/li>\n\t\t\t\t\t\t\t<li>\n\t\t\t\t\t\t\t\t<img src=\"https:\/\/www.walkberlin.com\/fr\/wp-content\/themes\/stylemag\/images\/social-media\/pinterest_icon.png\" id=\"pinterest\" class=\"socialbtn\" alt=\"\" \/>\n\t\t\t\t\t\t\t<\/li>\n\t\t\t\t\t\t\t<li>\n\t\t\t\t\t\t\t\t<img src=\"https:\/\/www.walkberlin.com\/fr\/wp-content\/themes\/stylemag\/images\/social-media\/whatsapp_icon.png\" id=\"whatsapp\" class=\"socialbtn\" alt=\"\" \/>\n\t\t\t\t\t\t\t<\/li>\n\t\t\t\t\t\t\t<li>\n\t\t\t\t\t\t\t\t<img src=\"https:\/\/www.walkberlin.com\/fr\/wp-content\/themes\/stylemag\/images\/social-media\/email_icon.png\" id=\"email\" class=\"socialbtn\" alt=\"\" \/>\n\t\t\t\t\t\t\t<\/li>\n\t\t\t\t\t\t<\/ul>\n\t\t\t\t\t\t<\/div>\n\t\t\t\t\t\t\t<div class=\"widget-title-border\">\n\t\t\t\t\t\t<div class=\"widget-title-block\"><\/div>\n\t\t\t\t\t<\/div>","protected":false},"excerpt":{"rendered":"<p>A Berlin, les mus\u00e9es sont normalement ferm\u00e9s le lundi &#8211; mais pas tous. Pour organiser votre s\u00e9jour au mieux, WalkBerlin vous pr\u00e9sente une s\u00e9lection de mus\u00e9es berlinois que vous pouvez visiter le lundi. Le mus\u00e9e de la RDA et le panorama d&#8217;Asisi peuvent aussi \u00eatre visit\u00e9s le lundi et sont pr\u00e9sent\u00e9s dans la rubrique Mus\u00e9es<\/p>\n","protected":false},"author":2,"featured_media":2745,"comment_status":"closed","ping_status":"closed","sticky":false,"template":"","format":"standard","meta":[],"categories":[1,37,24],"tags":[33,16,11,25],"_links":{"self":[{"href":"https:\/\/www.walkberlin.com\/fr\/wp-json\/wp\/v2\/posts\/2647"}],"collection":[{"href":"https:\/\/www.walkberlin.com\/fr\/wp-json\/wp\/v2\/posts"}],"about":[{"href":"https:\/\/www.walkberlin.com\/fr\/wp-json\/wp\/v2\/types\/post"}],"author":[{"embeddable":true,"href":"https:\/\/www.walkberlin.com\/fr\/wp-json\/wp\/v2\/users\/2"}],"replies":[{"embeddable":true,"href":"https:\/\/www.walkberlin.com\/fr\/wp-json\/wp\/v2\/comments?post=2647"}],"version-history":[{"count":58,"href":"https:\/\/www.walkberlin.com\/fr\/wp-json\/wp\/v2\/posts\/2647\/revisions"}],"predecessor-version":[{"id":3257,"href":"https:\/\/www.walkberlin.com\/fr\/wp-json\/wp\/v2\/posts\/2647\/revisions\/3257"}],"wp:featuredmedia":[{"embeddable":true,"href":"https:\/\/www.walkberlin.com\/fr\/wp-json\/wp\/v2\/media\/2745"}],"wp:attachment":[{"href":"https:\/\/www.walkberlin.com\/fr\/wp-json\/wp\/v2\/media?parent=2647"}],"wp:term":[{"taxonomy":"category","embeddable":true,"href":"https:\/\/www.walkberlin.com\/fr\/wp-json\/wp\/v2\/categories?post=2647"},{"taxonomy":"post_tag","embeddable":true,"href":"https:\/\/www.walkberlin.com\/fr\/wp-json\/wp\/v2\/tags?post=2647"}],"curies":[{"name":"wp","href":"https:\/\/api.w.org\/{rel}","templated":true}]}}