{"id":877,"date":"2013-11-11T16:38:11","date_gmt":"2013-11-11T14:38:11","guid":{"rendered":"https:\/\/www.walkberlin.com\/fr\/?p=877"},"modified":"2021-07-25T15:18:16","modified_gmt":"2021-07-25T13:18:16","slug":"erlebe-deine-stadt","status":"publish","type":"post","link":"https:\/\/www.walkberlin.com\/fr\/erlebe-deine-stadt\/","title":{"rendered":"&#8220;erlebe deine stadt&#8221; 2014"},"content":{"rendered":"<p><strong>Berlinois, envie de <em>partir en week-end<\/em> \u00e0 Berlin&nbsp;? C\u2019est ce que propose <em>visitBerlin<\/em> aux amoureux ou curieux de leur ville en janvier 2014 avec \u00ab&nbsp;Erlebe Deine Stadt&nbsp;\u00bb&nbsp;:&nbsp;partir \u00e0 la d\u00e9couverte de leur propre ville les 3, 4 et 5 janvier 2014. Les h\u00f4tels et associations culturelles participant vous ont concoct\u00e9 un programme tr\u00e8s vari\u00e9. A d\u00e9couvrir&nbsp;!<\/strong><\/p>\n<p><img loading=\"lazy\" width=\"658\" height=\"298\" src=\"https:\/\/www.walkberlin.com\/fr\/wp-content\/uploads\/sites\/3\/2013\/11\/visitBerlin_Logo.png\" alt=\"visitBerlin_Logo\" class=\"alignnone size-full wp-image-891\" srcset=\"https:\/\/www.walkberlin.com\/fr\/wp-content\/uploads\/sites\/3\/2013\/11\/visitBerlin_Logo.png 658w, https:\/\/www.walkberlin.com\/fr\/wp-content\/uploads\/sites\/3\/2013\/11\/visitBerlin_Logo-300x135.png 300w, https:\/\/www.walkberlin.com\/fr\/wp-content\/uploads\/sites\/3\/2013\/11\/visitBerlin_Logo-100x45.png 100w\" sizes=\"(max-width: 658px) 100vw, 658px\" \/><\/p>\n<h2>Une nuit dans un h\u00f4tel de luxe<\/h2>\n<p>Si vous avez toujours r\u00eav\u00e9 de pouvoir passer une nuit dans une chambre du Grand Hyatt ou du Hilton, de profiter de leur programme wellness ou de leur restaurant, c\u2019est l\u2019occasion. Pour \u00ab&nbsp;Erlebe Deine Stadt&nbsp;\u00bb, 78 des h\u00f4tels les plus chics de Berlin vous proposent la nuit du 4 au 5 janvier \u00e0 un tarif pr\u00e9f\u00e9rentiel&nbsp;:&nbsp;<strong>55\u20ac par personne en chambre double<\/strong>. Vous trouverez la liste des h\u00f4tels participant, les conditions de participation et le programme de chaque h\u00f4tel <a href=\"http:\/\/www.visitberlin.de\/de\/erleben\/erlebe-deine-stadt\/eventhotels\" target=\"_blank\" rel=\"noopener\">ici<\/a>.<\/p>\n<h2>WalkBerlin, partenaire sp\u00e9cial de <em>visitBerlin<\/em> pour \u00ab&nbsp;Erlebe Deine Stadt&nbsp;\u00bb 2014<\/h2>\n<p><strong>Un programme de visites guid\u00e9es en allemand sur 3 jours<\/strong><br \/>\n<a href=\"http:\/\/www.visitberlin.de\/de\/ort\/walkberlin\" target=\"_blank\" rel=\"noopener\">WalkBerlin<\/a> vous propose les visites guid\u00e9es&nbsp;:&nbsp;le \u00ab&nbsp;Mur de Berlin&nbsp;\u00bb, le \u00ab&nbsp;Berlin de Hitler&nbsp;\u00bb et la \u00ab&nbsp;R\u00e9sistance allemande&nbsp;\u00bb au <strong>tarif r\u00e9duit de 6\u20ac par personne au lieu de 12\u20ac<\/strong>. Toutes les visites propos\u00e9es dans le cadre de \u00ab&nbsp;Erlebe Deine Stadt&nbsp;\u00bb sont en allemand. Pour r\u00e9server, merci d\u2019envoyer un Mail \u00e0 info@walkberlin.com avec vos coordonn\u00e9es, la visite guid\u00e9e et l\u2019heure souhait\u00e9es et l\u2019objet suivant&nbsp;:&nbsp;\u00ab&nbsp;Erlebe Deine Stadt&nbsp;\u00bb.<\/p>\n<ul class=\"list1\">\n<li><strong>03.01.2014 : 10 et 14 heures, en allemand<\/strong><br \/>\n<a href=\"https:\/\/www.walkberlin.com\/fr\/visites-guidees-berlin\/mur-de-berlin\/\" title=\"Tour 1 \u2013 Mur de Berlin\">Visite guid\u00e9e du \u00ab&nbsp;Mur de Berlin&nbsp;\u00bb<\/a> sur les traces du mur de Berlin dans la Bernauer Stra\u00dfe. Pourquoi le mur a-t-il \u00e9t\u00e9 construit le 13 ao\u00fbt 1961&nbsp;? Pourquoi les habitants de la RDA ont, malgr\u00e9 le mur, continu\u00e9 d&#8217;essayer de passer \u00e0 l\u2019Ouest&nbsp;? La visite nous m\u00e8ne sur les traces du mur et des tunnels construits Bernauer Stra\u00dfe et de la \u00ab&nbsp;gare fant\u00f4me&nbsp;\u00bb Nordbahnhof.<\/li>\n<li><strong>04.01.2014 et 05.01.2014&nbsp;:&nbsp;10 heures, en allemand<\/strong><br \/>\n<a href=\"https:\/\/www.walkberlin.com\/fr\/visites-guidees-berlin\/le-berlin-de-hitler\/\" title=\"Tour 2 \u2013 Le Berlin de Hitler\">Visite guid\u00e9e \u00ab&nbsp;le Berlin de Hitler&nbsp;\u00bb<\/a>&nbsp;:&nbsp;Berlin \u00e0 l\u2019\u00e9poque nazie, lieu du pouvoir, de la terreur et de la R\u00e9sistance. Comment Adolf Hitler et le NSDAP ont-il pu rester 12 ans \u00e0 la t\u00eate de l\u2019Allemagne&nbsp;? Quelles ont \u00e9t\u00e9 les cons\u00e9quences pour la population et l\u2019architecture berlinoises&nbsp;? Ce tour pr\u00e9sente l\u2019\u00e9volution de Berlin&nbsp;:&nbsp;Berlin \u00e0 l\u2019\u00e9poque nazie et Berlin aujourd\u2019hui, haut-lieu de la comm\u00e9moration des victimes du nazisme.<\/li>\n<li><strong>05.01.2014&nbsp;:&nbsp;14 heures, en allemand<\/strong><br \/>\n\u00ab&nbsp;La R\u00e9sistance allemande&nbsp;\u00bb, tour sur les traces des personnes et des groupes de la r\u00e9sistance allemande qui se sont dress\u00e9s contre la dictature nazie.<\/li>\n<\/ul>\n<h2>Envie d\u2019une vue imprenable sur Berlin&nbsp;?<\/h2>\n<p>Du haut de la Tour de t\u00e9l\u00e9vision, c\u2019est possible. 203 m\u00e8tres de haut sur une des places historiques au c\u0153ur de Berlin, l\u2019Alexanderplatz. Le 4 janvier 2014, vous pouvez profiter de la vue imprenable sur Berlin et du petit-d\u00e9jeuner copieux du restaurant de la tour de t\u00e9l\u00e9vision \u00ab&nbsp;Sphere&nbsp;\u00bb de 10 heures \u00e0 midi pour 24,50\u20ac. Madame Tussauds, le Panorama d\u2019ASISI, le stade olympique et bien d\u2019autres vous proposent aussi un programme \u00e0 un tarif pr\u00e9f\u00e9rentiel ce week-end. Retrouvez tout le programme et la liste des associations culturelles participant <a href=\"http:\/\/www.visitberlin.de\/de\/erleben\/erlebe-deine-stadt\" target=\"_blank\" rel=\"noopener\">ici<\/a>.<\/p>\n<p>Que faire en soir\u00e9e&nbsp;? Th\u00e9\u00e2tre, cabaret, d\u00eener, d\u00e9gustation de vin bio ou formation de barman, vous avez l\u2019embarras du choix&nbsp;! Avec son cabaret des \u00ab&nbsp;ann\u00e9es folles&nbsp;\u00bb, le th\u00e9\u00e2tre du \u00ab&nbsp;Bar jeder Vernunft&nbsp;\u00bb du Berlin Plaza Hotel, par exemple, vous propose un voyage dans le temps. Le Novotel de Berlin, lui, vous invite \u00e0 d\u00e9couvrir tout l\u2019art d\u2019un bon coktail. Pour en savoir plus, consultez le <a href=\"http:\/\/www.visitberlin.de\/de\/erleben\/erlebe-deine-stadt\/event-naechte\" target=\"_blank\" rel=\"noopener\">programme<\/a> sur <em>visitBerlin<\/em>. <\/p>\n<div id=\"social-media\">\n\t\t\t\t\t\t<span class=\"h3\">Partager<\/span>\n\t\t\t\t\t\t<ul>\n\t\t\t\t\t\t\t<li>\n\t\t\t\t\t\t\t\t<img src=\"https:\/\/www.walkberlin.com\/fr\/wp-content\/themes\/stylemag\/images\/social-media\/facebook_icon.png\" id=\"facebook\" class=\"socialbtn\" alt=\"\" \/>\n\t\t\t\t\t\t\t<\/li>\n\t\t\t\t\t\t\t<li>\n\t\t\t\t\t\t\t\t<img src=\"https:\/\/www.walkberlin.com\/fr\/wp-content\/themes\/stylemag\/images\/social-media\/twitter_icon.png\" id=\"twitter\" class=\"socialbtn\" alt=\"\" \/>\n\t\t\t\t\t\t\t<\/li>\n\t\t\t\t\t\t\t<li>\n\t\t\t\t\t\t\t\t<img src=\"https:\/\/www.walkberlin.com\/fr\/wp-content\/themes\/stylemag\/images\/social-media\/googleplus_icon.png\" id=\"googleplus\" class=\"socialbtn\" alt=\"\" \/>\n\t\t\t\t\t\t\t<\/li>\n\t\t\t\t\t\t\t<li>\n\t\t\t\t\t\t\t\t<img src=\"https:\/\/www.walkberlin.com\/fr\/wp-content\/themes\/stylemag\/images\/social-media\/pinterest_icon.png\" id=\"pinterest\" class=\"socialbtn\" alt=\"\" \/>\n\t\t\t\t\t\t\t<\/li>\n\t\t\t\t\t\t\t<li>\n\t\t\t\t\t\t\t\t<img src=\"https:\/\/www.walkberlin.com\/fr\/wp-content\/themes\/stylemag\/images\/social-media\/whatsapp_icon.png\" id=\"whatsapp\" class=\"socialbtn\" alt=\"\" \/>\n\t\t\t\t\t\t\t<\/li>\n\t\t\t\t\t\t\t<li>\n\t\t\t\t\t\t\t\t<img src=\"https:\/\/www.walkberlin.com\/fr\/wp-content\/themes\/stylemag\/images\/social-media\/email_icon.png\" id=\"email\" class=\"socialbtn\" alt=\"\" \/>\n\t\t\t\t\t\t\t<\/li>\n\t\t\t\t\t\t<\/ul>\n\t\t\t\t\t\t<\/div>\n\t\t\t\t\t\t\t<div class=\"widget-title-border\">\n\t\t\t\t\t\t<div class=\"widget-title-block\"><\/div>\n\t\t\t\t\t<\/div>","protected":false},"excerpt":{"rendered":"<p>Berlinois, envie de partir en week-end \u00e0 Berlin&nbsp;? C\u2019est ce que propose visitBerlin aux amoureux ou curieux de leur ville en janvier 2014 avec \u00ab&nbsp;Erlebe Deine Stadt&nbsp;\u00bb&nbsp;:&nbsp;partir \u00e0 la d\u00e9couverte de leur propre ville les 3, 4 et 5 janvier 2014. Les h\u00f4tels et associations culturelles participant vous ont concoct\u00e9 un programme tr\u00e8s vari\u00e9. A<\/p>\n","protected":false},"author":2,"featured_media":891,"comment_status":"closed","ping_status":"closed","sticky":false,"template":"","format":"standard","meta":[],"categories":[1,9],"tags":[7,13],"_links":{"self":[{"href":"https:\/\/www.walkberlin.com\/fr\/wp-json\/wp\/v2\/posts\/877"}],"collection":[{"href":"https:\/\/www.walkberlin.com\/fr\/wp-json\/wp\/v2\/posts"}],"about":[{"href":"https:\/\/www.walkberlin.com\/fr\/wp-json\/wp\/v2\/types\/post"}],"author":[{"embeddable":true,"href":"https:\/\/www.walkberlin.com\/fr\/wp-json\/wp\/v2\/users\/2"}],"replies":[{"embeddable":true,"href":"https:\/\/www.walkberlin.com\/fr\/wp-json\/wp\/v2\/comments?post=877"}],"version-history":[{"count":22,"href":"https:\/\/www.walkberlin.com\/fr\/wp-json\/wp\/v2\/posts\/877\/revisions"}],"predecessor-version":[{"id":3184,"href":"https:\/\/www.walkberlin.com\/fr\/wp-json\/wp\/v2\/posts\/877\/revisions\/3184"}],"wp:featuredmedia":[{"embeddable":true,"href":"https:\/\/www.walkberlin.com\/fr\/wp-json\/wp\/v2\/media\/891"}],"wp:attachment":[{"href":"https:\/\/www.walkberlin.com\/fr\/wp-json\/wp\/v2\/media?parent=877"}],"wp:term":[{"taxonomy":"category","embeddable":true,"href":"https:\/\/www.walkberlin.com\/fr\/wp-json\/wp\/v2\/categories?post=877"},{"taxonomy":"post_tag","embeddable":true,"href":"https:\/\/www.walkberlin.com\/fr\/wp-json\/wp\/v2\/tags?post=877"}],"curies":[{"name":"wp","href":"https:\/\/api.w.org\/{rel}","templated":true}]}}